{"id":128807,"date":"2018-12-19T15:01:08","date_gmt":"2018-12-19T17:01:08","guid":{"rendered":"https:\/\/diarioregionaldigital.com.br\/?p=128807"},"modified":"2018-12-19T15:03:40","modified_gmt":"2018-12-19T17:03:40","slug":"alta-no-preco-da-batata-e-cebola-pode-deixar-a-ceia-de-natal-mais-cara","status":"publish","type":"post","link":"https:\/\/diarioregionaldigital.com.br\/?p=128807","title":{"rendered":"Alta no pre\u00e7o da batata e cebola pode deixar a ceia de Natal mais cara"},"content":{"rendered":"<p>O brasileiro poder\u00e1 gastar mais com a ceia de Natal este ano por causa do aumento nos pre\u00e7os de alguns produtos hortigranjeiros. Os dados do 12\u00ba Boletim Prohort, Companhia Nacional de Abastecimento (Conab), divulgado nesta quarta-feira, 19, mostram que a batata foi a hortali\u00e7a que apresentou as maiores cota\u00e7\u00f5es na maioria das Ceasas analisadas, em novembro.<\/p>\n<p>De acordo com o boletim, a eleva\u00e7\u00e3o que vinha sendo verificada desde setembro atingiu, em novembro, o percentual m\u00e1ximo de 57,7% em Recife e m\u00ednimo de 9,7% em Fortaleza. Nas demais Ceasas, o produto apresentou aumento de 38,6% em Vit\u00f3ria, 32,2% em Goi\u00e2nia, 31,1% no Rio de Janeiro, 26,3% em Belo Horizonte, e 25,3% em S\u00e3o Paulo.<\/p>\n<p>Boletim indica ainda que o pre\u00e7o da cebola, \u201ccuja eleva\u00e7\u00e3o de pre\u00e7o j\u00e1 era esperada pela press\u00e3o da altern\u00e2ncia de safra\u201d, tamb\u00e9m vai refletir no custo da ceia de Natal. De acordo com a an\u00e1lise da Conab, O maior percentual de crescimento ocorreu tamb\u00e9m na capital pernambucana, registrando 86,5%. Em seguida, Goi\u00e2nia (78%), Belo Horizonte e Vit\u00f3ria (57%), Fortaleza e Rio de Janeiro, pr\u00f3ximo a 43%, e S\u00e3o Paulo, 39%.<\/p>\n<p>Em rela\u00e7\u00e3o aos pre\u00e7os das frutas, o boletim informa que houve redu\u00e7\u00e3o nos pre\u00e7os da banana e do mam\u00e3o. \u201cA menor cota\u00e7\u00e3o para a banana foi registrada em Goi\u00e2nia (16,8%), seguida de Fortaleza (10%)\u201d. A capital goiana registrou tamb\u00e9m a maior redu\u00e7\u00e3o para o pre\u00e7o do mam\u00e3o (25,2%).<\/p>\n<p>Segundo a Conab, o Programa Brasileiro de Moderniza\u00e7\u00e3o do Mercado Hortigranjeiro (Prohort) faz, m\u00eas a m\u00eas, o levantamento de pre\u00e7os de produtos hortigranjeiros, a partir de informa\u00e7\u00f5es fornecidas espontaneamente pelos grandes mercados atacadistas do pa\u00eds.<\/p>\n<p>Fonte: Ag\u00eancia Brasil<\/p>\n","protected":false},"excerpt":{"rendered":"<p>O brasileiro poder\u00e1 gastar mais com a ceia de Natal este ano por causa do aumento nos pre\u00e7os de alguns produtos hortigranjeiros. Os dados do 12\u00ba Boletim Prohort, Companhia Nacional de Abastecimento (Conab), divulgado nesta quarta-feira, 19, mostram que a batata foi a hortali\u00e7a que apresentou as maiores cota\u00e7\u00f5es na maioria das Ceasas analisadas, em [&hellip;]<\/p>\n","protected":false},"author":96,"featured_media":128808,"comment_status":"closed","ping_status":"closed","sticky":false,"template":"","format":"standard","meta":{"footnotes":""},"categories":[436,261,439],"tags":[],"class_list":["post-128807","post","type-post","status-publish","format-standard","has-post-thumbnail","hentry","category-destaque-da-semana","category-economia","category-ultima-hora"],"_links":{"self":[{"href":"https:\/\/diarioregionaldigital.com.br\/index.php?rest_route=\/wp\/v2\/posts\/128807","targetHints":{"allow":["GET"]}}],"collection":[{"href":"https:\/\/diarioregionaldigital.com.br\/index.php?rest_route=\/wp\/v2\/posts"}],"about":[{"href":"https:\/\/diarioregionaldigital.com.br\/index.php?rest_route=\/wp\/v2\/types\/post"}],"author":[{"embeddable":true,"href":"https:\/\/diarioregionaldigital.com.br\/index.php?rest_route=\/wp\/v2\/users\/96"}],"replies":[{"embeddable":true,"href":"https:\/\/diarioregionaldigital.com.br\/index.php?rest_route=%2Fwp%2Fv2%2Fcomments&post=128807"}],"version-history":[{"count":0,"href":"https:\/\/diarioregionaldigital.com.br\/index.php?rest_route=\/wp\/v2\/posts\/128807\/revisions"}],"wp:featuredmedia":[{"embeddable":true,"href":"https:\/\/diarioregionaldigital.com.br\/index.php?rest_route=\/wp\/v2\/media\/128808"}],"wp:attachment":[{"href":"https:\/\/diarioregionaldigital.com.br\/index.php?rest_route=%2Fwp%2Fv2%2Fmedia&parent=128807"}],"wp:term":[{"taxonomy":"category","embeddable":true,"href":"https:\/\/diarioregionaldigital.com.br\/index.php?rest_route=%2Fwp%2Fv2%2Fcategories&post=128807"},{"taxonomy":"post_tag","embeddable":true,"href":"https:\/\/diarioregionaldigital.com.br\/index.php?rest_route=%2Fwp%2Fv2%2Ftags&post=128807"}],"curies":[{"name":"wp","href":"https:\/\/api.w.org\/{rel}","templated":true}]}}