{"id":128794,"date":"2018-12-19T11:11:54","date_gmt":"2018-12-19T13:11:54","guid":{"rendered":"https:\/\/diarioregionaldigital.com.br\/?p=128794"},"modified":"2018-12-19T11:15:53","modified_gmt":"2018-12-19T13:15:53","slug":"duas-pessoas-sao-presas-apos-recebimento-de-drogas-em-estacionamento-de-restaurante-na-br-040","status":"publish","type":"post","link":"https:\/\/diarioregionaldigital.com.br\/?p=128794","title":{"rendered":"Duas pessoas s\u00e3o presas ap\u00f3s recebimento de drogas em restaurante na BR-040"},"content":{"rendered":"<p>Duas pessoas foram presas na tarde dessa ter\u00e7a-feira, 18, por tr\u00e1fico de drogas em Juiz de Fora. Os autores, um homem de 30 anos e um menor de 17, foram encontrados na Avenida Juscelino Kubitscheck, no bairro Santa L\u00facia, na zona Norte, com cinco tabletes de subst\u00e2ncia an\u00e1loga \u00e0 maconha.<\/p>\n<p>A Pol\u00edcia Militar fazia uma blitz na avenida quando foi informada pelo Comando de Policiamento Especializado que um ve\u00edculo de cor vinho estava transitando na zona Norte em atitude suspeita. Os policiais sa\u00edram em busca do carro e ao encontr\u00e1-lo abordaram os dois homens que estavam dentro dele.<\/p>\n<p>Segundo o autor, de 30 anos, a droga foi entregue a ele em um restaurante na BR 040, na altura do bairro Nova Calif\u00f3rnia, e seria entregue no bairro Parque das \u00c1guas. O homem n\u00e3o informou aos policiais a identidade de quem entregou o material il\u00edcito, disse apenas que a pessoa chegou em um ve\u00edculo branco com pel\u00edculas escuras nos vidros.<\/p>\n<p>A princ\u00edpio, o menor apreendido informou que estava apenas pegando uma carona at\u00e9 o bairro Parque das \u00c1guas e que n\u00e3o era respons\u00e1vel pela droga encontrada no carro, mas durante depoimento na delegacia confessou que na resid\u00eancia onde mora tamb\u00e9m havia certa quantidade de crack.<\/p>\n<p>Os policiais foram at\u00e9 a casa, que fica na Rua Geraldo Cardoso, no Parque das \u00c1guas, e encontraram sete pacotes de pl\u00e1stico com subst\u00e2ncia an\u00e1loga ao crack fracionada, cinco pedras de crack, uma por\u00e7\u00e3o de coca\u00edna, duas embalagens de \u00e1cido b\u00f3rico e um tubo de lidoca\u00edna. Parte do material estaca escondida embaixo de um fundo falso no guarda-roupa do quarto do adolescente.<\/p>\n<p>O homem permanece preso e o menor apreendido na delegacia.<\/p>\n","protected":false},"excerpt":{"rendered":"<p>Duas pessoas foram presas na tarde dessa ter\u00e7a-feira, 18, por tr\u00e1fico de drogas em Juiz de Fora. Os autores, um homem de 30 anos e um menor de 17, foram encontrados na Avenida Juscelino Kubitscheck, no bairro Santa L\u00facia, na zona Norte, com cinco tabletes de subst\u00e2ncia an\u00e1loga \u00e0 maconha. A Pol\u00edcia Militar fazia uma [&hellip;]<\/p>\n","protected":false},"author":96,"featured_media":95836,"comment_status":"closed","ping_status":"closed","sticky":false,"template":"","format":"standard","meta":{"footnotes":""},"categories":[301],"tags":[],"class_list":["post-128794","post","type-post","status-publish","format-standard","has-post-thumbnail","hentry","category-artigos-policiais"],"_links":{"self":[{"href":"https:\/\/diarioregionaldigital.com.br\/index.php?rest_route=\/wp\/v2\/posts\/128794","targetHints":{"allow":["GET"]}}],"collection":[{"href":"https:\/\/diarioregionaldigital.com.br\/index.php?rest_route=\/wp\/v2\/posts"}],"about":[{"href":"https:\/\/diarioregionaldigital.com.br\/index.php?rest_route=\/wp\/v2\/types\/post"}],"author":[{"embeddable":true,"href":"https:\/\/diarioregionaldigital.com.br\/index.php?rest_route=\/wp\/v2\/users\/96"}],"replies":[{"embeddable":true,"href":"https:\/\/diarioregionaldigital.com.br\/index.php?rest_route=%2Fwp%2Fv2%2Fcomments&post=128794"}],"version-history":[{"count":0,"href":"https:\/\/diarioregionaldigital.com.br\/index.php?rest_route=\/wp\/v2\/posts\/128794\/revisions"}],"wp:featuredmedia":[{"embeddable":true,"href":"https:\/\/diarioregionaldigital.com.br\/index.php?rest_route=\/wp\/v2\/media\/95836"}],"wp:attachment":[{"href":"https:\/\/diarioregionaldigital.com.br\/index.php?rest_route=%2Fwp%2Fv2%2Fmedia&parent=128794"}],"wp:term":[{"taxonomy":"category","embeddable":true,"href":"https:\/\/diarioregionaldigital.com.br\/index.php?rest_route=%2Fwp%2Fv2%2Fcategories&post=128794"},{"taxonomy":"post_tag","embeddable":true,"href":"https:\/\/diarioregionaldigital.com.br\/index.php?rest_route=%2Fwp%2Fv2%2Ftags&post=128794"}],"curies":[{"name":"wp","href":"https:\/\/api.w.org\/{rel}","templated":true}]}}