{"id":128791,"date":"2018-12-19T10:37:32","date_gmt":"2018-12-19T12:37:32","guid":{"rendered":"https:\/\/diarioregionaldigital.com.br\/?p=128791"},"modified":"2018-12-19T10:37:32","modified_gmt":"2018-12-19T12:37:32","slug":"pib-cresce-12-no-trimestre-encerrado-em-outubro-diz-fgv","status":"publish","type":"post","link":"https:\/\/diarioregionaldigital.com.br\/?p=128791","title":{"rendered":"PIB cresce 1,2% no trimestre encerrado em outubro, diz FGV"},"content":{"rendered":"<p>O Produto Interno Bruto (PIB), que \u00e9 a soma de todos os bens e servi\u00e7os produzidos no pa\u00eds, cresceu 1,2% no trimestre encerrado em outubro deste ano, na compara\u00e7\u00e3o com o trimestre fechado em julho. J\u00e1 na compara\u00e7\u00e3o com o trimestre encerrado em outubro de 2017, o crescimento chegou a 1,3%.<\/p>\n<p>Os dados s\u00e3o do Monitor do PIB, divulgado nesta quarta-feira, 19, pela Funda\u00e7\u00e3o Getulio Vargas (FGV). Considerando-se apenas o m\u00eas de outubro, houve queda de 0,3% na compara\u00e7\u00e3o com setembro e alta de 1,7% em rela\u00e7\u00e3o a outubro do ano passado.<\/p>\n<p>A alta de 1,2% do trimestre encerrado em julho para o trimestre fechado em outubro foi puxada por crescimentos de 1,4% na ind\u00fastria e de 1,2% nos servi\u00e7os. A agropecu\u00e1ria foi o \u00fanico dos grandes setores com queda no per\u00edodo: 0,5%.<\/p>\n<p>Entre os segmentos industriais, houve avan\u00e7o na ind\u00fastria da transforma\u00e7\u00e3o (1,8%) e na constru\u00e7\u00e3o (2,1%). Quedas foram observadas na ind\u00fastria extrativa mineral (0,7%) e na gera\u00e7\u00e3o de eletricidade (0,5%).<\/p>\n<p>Entre os servi\u00e7os, as principais altas foram observadas nos segmentos de transportes (5%) e com\u00e9rcio (2,1%). A \u00fanica queda foi registrada nos servi\u00e7os de informa\u00e7\u00e3o (0,8%).<\/p>\n<p>Sob a \u00f3tica da demanda, a alta de julho para outubro foi impulsionada pela forma\u00e7\u00e3o bruta de capital fixo, isto \u00e9, os investimentos, que cresceu 4% no per\u00edodo. Tamb\u00e9m houve altas de 1,1% no consumo das fam\u00edlias e de 0,9% no consumo do governo. As exporta\u00e7\u00f5es cresceram 6,7% e as importa\u00e7\u00f5es, 1,7%.<\/p>\n<p><em>Fonte: Ag\u00eancia Brasil<\/em><\/p>\n","protected":false},"excerpt":{"rendered":"<p>O Produto Interno Bruto (PIB), que \u00e9 a soma de todos os bens e servi\u00e7os produzidos no pa\u00eds, cresceu 1,2% no trimestre encerrado em outubro deste ano, na compara\u00e7\u00e3o com o trimestre fechado em julho. J\u00e1 na compara\u00e7\u00e3o com o trimestre encerrado em outubro de 2017, o crescimento chegou a 1,3%. Os dados s\u00e3o do [&hellip;]<\/p>\n","protected":false},"author":96,"featured_media":0,"comment_status":"closed","ping_status":"closed","sticky":false,"template":"","format":"standard","meta":{"footnotes":""},"categories":[261,439],"tags":[],"class_list":["post-128791","post","type-post","status-publish","format-standard","hentry","category-economia","category-ultima-hora"],"_links":{"self":[{"href":"https:\/\/diarioregionaldigital.com.br\/index.php?rest_route=\/wp\/v2\/posts\/128791","targetHints":{"allow":["GET"]}}],"collection":[{"href":"https:\/\/diarioregionaldigital.com.br\/index.php?rest_route=\/wp\/v2\/posts"}],"about":[{"href":"https:\/\/diarioregionaldigital.com.br\/index.php?rest_route=\/wp\/v2\/types\/post"}],"author":[{"embeddable":true,"href":"https:\/\/diarioregionaldigital.com.br\/index.php?rest_route=\/wp\/v2\/users\/96"}],"replies":[{"embeddable":true,"href":"https:\/\/diarioregionaldigital.com.br\/index.php?rest_route=%2Fwp%2Fv2%2Fcomments&post=128791"}],"version-history":[{"count":0,"href":"https:\/\/diarioregionaldigital.com.br\/index.php?rest_route=\/wp\/v2\/posts\/128791\/revisions"}],"wp:attachment":[{"href":"https:\/\/diarioregionaldigital.com.br\/index.php?rest_route=%2Fwp%2Fv2%2Fmedia&parent=128791"}],"wp:term":[{"taxonomy":"category","embeddable":true,"href":"https:\/\/diarioregionaldigital.com.br\/index.php?rest_route=%2Fwp%2Fv2%2Fcategories&post=128791"},{"taxonomy":"post_tag","embeddable":true,"href":"https:\/\/diarioregionaldigital.com.br\/index.php?rest_route=%2Fwp%2Fv2%2Ftags&post=128791"}],"curies":[{"name":"wp","href":"https:\/\/api.w.org\/{rel}","templated":true}]}}