{"id":128782,"date":"2018-12-19T09:46:28","date_gmt":"2018-12-19T11:46:28","guid":{"rendered":"https:\/\/diarioregionaldigital.com.br\/?p=128782"},"modified":"2018-12-19T09:46:28","modified_gmt":"2018-12-19T11:46:28","slug":"jf-volei-vence-o-sao-jose-por-3-sets-a-0-na-copa-trade","status":"publish","type":"post","link":"https:\/\/diarioregionaldigital.com.br\/?p=128782","title":{"rendered":"JF V\u00f4lei vence o S\u00e3o Jos\u00e9 por 3 sets a 0 na Copa Trade"},"content":{"rendered":"<p>Nessa ter\u00e7a-feira, 18, \u00e0s 19h30, o JF V\u00f4lei, em prepara\u00e7\u00e3o para a Superliga B, enfrentou o time de S\u00e3o Jos\u00e9, pela Copa Trade, no gin\u00e1sio da Universidade Federal de Juiz de Fora (UFJF) e venceu por 3 sets a 0. As parciais foram de 25\/18, 25\/20 e 25\/21. O S\u00e3o Jos\u00e9 volta \u00e0s quadras nesta quarta-feira, 19, \u00e0s 19h30 para enfrentar o Botafogo (RJ), tamb\u00e9m na UFJF. J\u00e1 o JF V\u00f4lei, nesta quinta-feira, 20, enfrenta o Botafogo, \u00e0s 19h30, no mesmo local. Todos os tr\u00eas times participar\u00e3o da Superliga B, que come\u00e7a em janeiro.<\/p>\n","protected":false},"excerpt":{"rendered":"<p>Nessa ter\u00e7a-feira, 18, \u00e0s 19h30, o JF V\u00f4lei, em prepara\u00e7\u00e3o para a Superliga B, enfrentou o time de S\u00e3o Jos\u00e9, pela Copa Trade, no gin\u00e1sio da Universidade Federal de Juiz de Fora (UFJF) e venceu por 3 sets a 0. As parciais foram de 25\/18, 25\/20 e 25\/21. O S\u00e3o Jos\u00e9 volta \u00e0s quadras nesta [&hellip;]<\/p>\n","protected":false},"author":96,"featured_media":0,"comment_status":"closed","ping_status":"closed","sticky":false,"template":"","format":"standard","meta":{"footnotes":""},"categories":[257,439],"tags":[],"class_list":["post-128782","post","type-post","status-publish","format-standard","hentry","category-esporte","category-ultima-hora"],"_links":{"self":[{"href":"https:\/\/diarioregionaldigital.com.br\/index.php?rest_route=\/wp\/v2\/posts\/128782","targetHints":{"allow":["GET"]}}],"collection":[{"href":"https:\/\/diarioregionaldigital.com.br\/index.php?rest_route=\/wp\/v2\/posts"}],"about":[{"href":"https:\/\/diarioregionaldigital.com.br\/index.php?rest_route=\/wp\/v2\/types\/post"}],"author":[{"embeddable":true,"href":"https:\/\/diarioregionaldigital.com.br\/index.php?rest_route=\/wp\/v2\/users\/96"}],"replies":[{"embeddable":true,"href":"https:\/\/diarioregionaldigital.com.br\/index.php?rest_route=%2Fwp%2Fv2%2Fcomments&post=128782"}],"version-history":[{"count":0,"href":"https:\/\/diarioregionaldigital.com.br\/index.php?rest_route=\/wp\/v2\/posts\/128782\/revisions"}],"wp:attachment":[{"href":"https:\/\/diarioregionaldigital.com.br\/index.php?rest_route=%2Fwp%2Fv2%2Fmedia&parent=128782"}],"wp:term":[{"taxonomy":"category","embeddable":true,"href":"https:\/\/diarioregionaldigital.com.br\/index.php?rest_route=%2Fwp%2Fv2%2Fcategories&post=128782"},{"taxonomy":"post_tag","embeddable":true,"href":"https:\/\/diarioregionaldigital.com.br\/index.php?rest_route=%2Fwp%2Fv2%2Ftags&post=128782"}],"curies":[{"name":"wp","href":"https:\/\/api.w.org\/{rel}","templated":true}]}}