{"id":128779,"date":"2018-12-19T09:37:42","date_gmt":"2018-12-19T11:37:42","guid":{"rendered":"https:\/\/diarioregionaldigital.com.br\/?p=128779"},"modified":"2018-12-19T09:37:42","modified_gmt":"2018-12-19T11:37:42","slug":"cbv-realiza-avaliacoes-de-novos-talentos-a-partir-de-janeiro","status":"publish","type":"post","link":"https:\/\/diarioregionaldigital.com.br\/?p=128779","title":{"rendered":"CBV realiza avalia\u00e7\u00f5es de novos talentos a partir de janeiro"},"content":{"rendered":"<p>A manuten\u00e7\u00e3o do Brasil entre as principais pot\u00eancias mundiais do voleibol passa pelo cont\u00ednuo processo de renova\u00e7\u00e3o dos talentos da modalidade no pa\u00eds. Com este objetivo, a Confedera\u00e7\u00e3o Brasileira de Voleibol (CBV) promove na segunda quinzena de janeiro de 2019 um laborat\u00f3rio com 80 atletas de 13 a 17 anos para avalia\u00e7\u00f5es com representantes das comiss\u00f5es t\u00e9cnicas das sele\u00e7\u00f5es brasileiras de base. Nesta segunda-feira (17), a CBV divulgou a lista dos convidados.<\/p>\n<p>As avalia\u00e7\u00f5es acontecem no Centro de Desenvolvimento de Voleibol (CDV), em Saquarema (RJ). No primeiro per\u00edodo, entre 14 e 21 de janeiro, ser\u00e3o 20 meninas nascidas entre 2004 e 2005, e 20 rapazes nascidos entre 2003 e 2004. O intuito desta semana \u00e9 o mapeamento de talentos visando convoca\u00e7\u00f5es para o Sul-Americano de 2020.<\/p>\n<p>Na segunda semana, entre os dias 21 e 28, mais 40 atletas participar\u00e3o das atividades. Ser\u00e3o 20 meninas nascidas em 2002 e 2003, e outros 20 meninos nascidos em 2001 e 2002. Neste grupo o objetivo ser\u00e1 reavaliar alguns atletas j\u00e1 observados anteriormente e analisar o desempenho de outros j\u00e1 no planejamento para os mundiais de 2019.<\/p>\n<p>Os profissionais das sele\u00e7\u00f5es de base do Brasil administram o processo. Junto a eles estar\u00e3o alguns treinadores vencedores dos Jogos Escolares da Juventude 2018, convidados para um interc\u00e2mbio.<\/p>\n<p><em>Fonte: Olimp\u00edada Todo o Dia<\/em><\/p>\n","protected":false},"excerpt":{"rendered":"<p>A manuten\u00e7\u00e3o do Brasil entre as principais pot\u00eancias mundiais do voleibol passa pelo cont\u00ednuo processo de renova\u00e7\u00e3o dos talentos da modalidade no pa\u00eds. Com este objetivo, a Confedera\u00e7\u00e3o Brasileira de Voleibol (CBV) promove na segunda quinzena de janeiro de 2019 um laborat\u00f3rio com 80 atletas de 13 a 17 anos para avalia\u00e7\u00f5es com representantes das [&hellip;]<\/p>\n","protected":false},"author":96,"featured_media":0,"comment_status":"closed","ping_status":"closed","sticky":false,"template":"","format":"standard","meta":{"footnotes":""},"categories":[257,439],"tags":[],"class_list":["post-128779","post","type-post","status-publish","format-standard","hentry","category-esporte","category-ultima-hora"],"_links":{"self":[{"href":"https:\/\/diarioregionaldigital.com.br\/index.php?rest_route=\/wp\/v2\/posts\/128779","targetHints":{"allow":["GET"]}}],"collection":[{"href":"https:\/\/diarioregionaldigital.com.br\/index.php?rest_route=\/wp\/v2\/posts"}],"about":[{"href":"https:\/\/diarioregionaldigital.com.br\/index.php?rest_route=\/wp\/v2\/types\/post"}],"author":[{"embeddable":true,"href":"https:\/\/diarioregionaldigital.com.br\/index.php?rest_route=\/wp\/v2\/users\/96"}],"replies":[{"embeddable":true,"href":"https:\/\/diarioregionaldigital.com.br\/index.php?rest_route=%2Fwp%2Fv2%2Fcomments&post=128779"}],"version-history":[{"count":0,"href":"https:\/\/diarioregionaldigital.com.br\/index.php?rest_route=\/wp\/v2\/posts\/128779\/revisions"}],"wp:attachment":[{"href":"https:\/\/diarioregionaldigital.com.br\/index.php?rest_route=%2Fwp%2Fv2%2Fmedia&parent=128779"}],"wp:term":[{"taxonomy":"category","embeddable":true,"href":"https:\/\/diarioregionaldigital.com.br\/index.php?rest_route=%2Fwp%2Fv2%2Fcategories&post=128779"},{"taxonomy":"post_tag","embeddable":true,"href":"https:\/\/diarioregionaldigital.com.br\/index.php?rest_route=%2Fwp%2Fv2%2Ftags&post=128779"}],"curies":[{"name":"wp","href":"https:\/\/api.w.org\/{rel}","templated":true}]}}