{"id":128773,"date":"2018-12-19T09:27:44","date_gmt":"2018-12-19T11:27:44","guid":{"rendered":"https:\/\/diarioregionaldigital.com.br\/?p=128773"},"modified":"2018-12-19T09:27:44","modified_gmt":"2018-12-19T11:27:44","slug":"sala-de-operacoes-intensifica-acoes-de-combate-ao-aedes-aegypti","status":"publish","type":"post","link":"https:\/\/diarioregionaldigital.com.br\/?p=128773","title":{"rendered":"\u201cSala de Opera\u00e7\u00f5es\u201d intensifica a\u00e7\u00f5es de combate ao Aedes aegypti"},"content":{"rendered":"<p>Para garantir frentes de trabalhos preventivos ainda mais eficientes na luta contra os riscos de prolifera\u00e7\u00e3o do Aedes aegypti na cidade, principalmente neste per\u00edodo de chuvas, a Prefeitura de Juiz de Fora (PJF), atrav\u00e9s de representantes de diversas pastas do secretariado municipal, intensificou as a\u00e7\u00f5es da \u201cSala de Opera\u00e7\u00f5es de Combate ao Aedes\u201d, visando tra\u00e7ar metas e avaliar plano de conting\u00eancia para o combate \u00e0s doen\u00e7as transmitidas pelo mosquito, como dengue, zika, chikungunya e febre amarela urbana. A sala est\u00e1 em funcionamento desde 2016, bem como suas atividades, que n\u00e3o foram suspensas nesse intervalo.<\/p>\n<p>A sala funciona como bra\u00e7o operacional, que avalia as den\u00fancias efetuadas no \u201cDisque Dengue\u201d, atrav\u00e9s do n\u00famero 199, e realiza a distribui\u00e7\u00e3o do trabalho. O plano extrapola a divis\u00e3o de secretarias. \u00c9 a\u00e7\u00e3o conjunta e integrada, que tem como objetivo aproveitar as funcionalidades que cada pasta pode oferecer na quest\u00e3o do controle vetorial, no que diz respeito \u00e0s medidas efetuadas para evitar o fluxo de transmiss\u00e3o, combatendo o mosquito.<\/p>\n<p>As atividades s\u00e3o coordenadas pela Defesa Civil. Participam: secretarias de Sa\u00fade (SS), que cuida das a\u00e7\u00f5es de controle vetorial e assistenciais; Atividades Urbanas (SAU), respons\u00e1vel pelas notifica\u00e7\u00f5es e autua\u00e7\u00f5es; Educa\u00e7\u00e3o (SE), realiza\u00e7\u00e3o de vistorias nas depend\u00eancias das escolas municipais, bem como apoio em atividades educativas; e Comunica\u00e7\u00e3o Social (SCS), divulgando informa\u00e7\u00f5es \u00e0 popula\u00e7\u00e3o acerca do andamento dos trabalhos: Departamento Municipal de Limpeza Urbana (Demlurb), trabalhos de limpeza; e Guarda Municipal, seguran\u00e7a dos servidores que est\u00e3o em campo.<\/p>\n<p>A reuni\u00e3o de todos no mesmo espa\u00e7o permite gerir e integrar todas as informa\u00e7\u00f5es, proporcionando a otimiza\u00e7\u00e3o das a\u00e7\u00f5es. Dessa forma, \u00e9 poss\u00edvel reunir os dados quantitativos de cada secretaria em rela\u00e7\u00e3o aos recursos humanos e equipamentos dispon\u00edveis. Paralelamente, \u00e9 importante que cada cidad\u00e3o entenda seu papel na luta contra a prolifera\u00e7\u00e3o do Aedes aegypti, sendo multiplicador das a\u00e7\u00f5es realizadas pela PJF. Nesse sentido, \u00e9 recomendado, por exemplo, que cada pessoa fa\u00e7a vistoria em sua resid\u00eancia e local de trabalho, para evitar a manuten\u00e7\u00e3o focos.<\/p>\n<p><em>Fonte: PJF<\/em><\/p>\n","protected":false},"excerpt":{"rendered":"<p>Para garantir frentes de trabalhos preventivos ainda mais eficientes na luta contra os riscos de prolifera\u00e7\u00e3o do Aedes aegypti na cidade, principalmente neste per\u00edodo de chuvas, a Prefeitura de Juiz de Fora (PJF), atrav\u00e9s de representantes de diversas pastas do secretariado municipal, intensificou as a\u00e7\u00f5es da \u201cSala de Opera\u00e7\u00f5es de Combate ao Aedes\u201d, visando tra\u00e7ar [&hellip;]<\/p>\n","protected":false},"author":96,"featured_media":0,"comment_status":"closed","ping_status":"closed","sticky":false,"template":"","format":"standard","meta":{"footnotes":""},"categories":[253,439],"tags":[],"class_list":["post-128773","post","type-post","status-publish","format-standard","hentry","category-cidade","category-ultima-hora"],"_links":{"self":[{"href":"https:\/\/diarioregionaldigital.com.br\/index.php?rest_route=\/wp\/v2\/posts\/128773","targetHints":{"allow":["GET"]}}],"collection":[{"href":"https:\/\/diarioregionaldigital.com.br\/index.php?rest_route=\/wp\/v2\/posts"}],"about":[{"href":"https:\/\/diarioregionaldigital.com.br\/index.php?rest_route=\/wp\/v2\/types\/post"}],"author":[{"embeddable":true,"href":"https:\/\/diarioregionaldigital.com.br\/index.php?rest_route=\/wp\/v2\/users\/96"}],"replies":[{"embeddable":true,"href":"https:\/\/diarioregionaldigital.com.br\/index.php?rest_route=%2Fwp%2Fv2%2Fcomments&post=128773"}],"version-history":[{"count":0,"href":"https:\/\/diarioregionaldigital.com.br\/index.php?rest_route=\/wp\/v2\/posts\/128773\/revisions"}],"wp:attachment":[{"href":"https:\/\/diarioregionaldigital.com.br\/index.php?rest_route=%2Fwp%2Fv2%2Fmedia&parent=128773"}],"wp:term":[{"taxonomy":"category","embeddable":true,"href":"https:\/\/diarioregionaldigital.com.br\/index.php?rest_route=%2Fwp%2Fv2%2Fcategories&post=128773"},{"taxonomy":"post_tag","embeddable":true,"href":"https:\/\/diarioregionaldigital.com.br\/index.php?rest_route=%2Fwp%2Fv2%2Ftags&post=128773"}],"curies":[{"name":"wp","href":"https:\/\/api.w.org\/{rel}","templated":true}]}}