{"id":128770,"date":"2018-12-19T09:22:58","date_gmt":"2018-12-19T11:22:58","guid":{"rendered":"https:\/\/diarioregionaldigital.com.br\/?p=128770"},"modified":"2018-12-19T09:22:58","modified_gmt":"2018-12-19T11:22:58","slug":"prefeitura-apresenta-contrato-para-ampliar-eficiencia-administrativa","status":"publish","type":"post","link":"https:\/\/diarioregionaldigital.com.br\/?p=128770","title":{"rendered":"Prefeitura apresenta contrato para ampliar efici\u00eancia administrativa"},"content":{"rendered":"<p>A Prefeitura de Juiz de Fora (PJF), atrav\u00e9s da Secretaria de Planejamento e Gest\u00e3o (Seplag), apresentou, nessa ter\u00e7a-feira, 18, em entrevista coletiva \u00e0 imprensa, no gabinete do prefeito Ant\u00f4nio Almas, o contrato do Programa Nacional de Apoio \u00e0 Gest\u00e3o Administrativa e Fiscal dos Munic\u00edpios Brasileiros (PNAFM), firmado com apoio da Caixa Econ\u00f4mica Federal (CEF).<\/p>\n<p>O contrato, apresentado pelo titular da Seplag, L\u00facio S\u00e1 Fortes, tem o objetivo de garantir mais efici\u00eancia e efic\u00e1cia na gest\u00e3o fiscal da PJF. Cerca de R$ 20 milh\u00f5es ser\u00e3o destinados \u00e0 aquisi\u00e7\u00e3o de sistemas integrados de gest\u00e3o e georreferenciamento; \u00e0 infraestrutura e tecnologia da informa\u00e7\u00e3o; e \u00e0 capacita\u00e7\u00e3o de t\u00e9cnicos e gestores municipais, dentre outros investimentos.<\/p>\n<p>De acordo com o secret\u00e1rio, \u201cum dos resultados esperados \u00e9 a utiliza\u00e7\u00e3o de imagens aerofotogram\u00e9tricas (mapeamento atrav\u00e9s de fotografias a\u00e9reas) como apoio para lan\u00e7amentos do Imposto Predial e Territorial Urbano (IPTU), que poder\u00e1 ampliar a base cadastral das edifica\u00e7\u00f5es em 8%, em at\u00e9 12 meses, ap\u00f3s a conclus\u00e3o do projeto. Com isso, \u00e9 poss\u00edvel que haja um aumento de 8% da arrecada\u00e7\u00e3o do imposto e redu\u00e7\u00e3o em 15% da inadimpl\u00eancia associada ao IPTU, em at\u00e9 tr\u00eas anos ap\u00f3s a conclus\u00e3o do projeto\u201d. L\u00facio acrescenta que \u201cesse projeto contribuir\u00e1 para o maior controle e efici\u00eancia na gest\u00e3o, aprimorar\u00e1 os processos, gerando impactos positivos na arrecada\u00e7\u00e3o e redu\u00e7\u00e3o das despesas\u201d. Ele destaca, ainda, que \u201co programa contribuir\u00e1 para o aumento da arrecada\u00e7\u00e3o sem elevar a carga tribut\u00e1ria, e isso \u00e9 ben\u00e9fico para a popula\u00e7\u00e3o\u201d. Os recursos para este programa t\u00eam destina\u00e7\u00e3o exclusiva.<\/p>\n<h3><b>O programa<\/b><\/h3>\n<p>O PNAFM orienta e apoia os munic\u00edpios que buscam ampliar o aprimoramento de sua gest\u00e3o, atrav\u00e9s de recursos origin\u00e1rios do Banco Interamericano de Desenvolvimento (BID). Neste processo, a Caixa desempenha o papel de agente financeiro.<\/p>\n<p>A declara\u00e7\u00e3o de interesse para capta\u00e7\u00e3o, realizada pela PJF, ocorreu atrav\u00e9s de of\u00edcio, em janeiro de 2015.<\/p>\n<p><em>Fonte: Assessoria<\/em><\/p>\n","protected":false},"excerpt":{"rendered":"<p>A Prefeitura de Juiz de Fora (PJF), atrav\u00e9s da Secretaria de Planejamento e Gest\u00e3o (Seplag), apresentou, nessa ter\u00e7a-feira, 18, em entrevista coletiva \u00e0 imprensa, no gabinete do prefeito Ant\u00f4nio Almas, o contrato do Programa Nacional de Apoio \u00e0 Gest\u00e3o Administrativa e Fiscal dos Munic\u00edpios Brasileiros (PNAFM), firmado com apoio da Caixa Econ\u00f4mica Federal (CEF). O [&hellip;]<\/p>\n","protected":false},"author":96,"featured_media":0,"comment_status":"closed","ping_status":"closed","sticky":false,"template":"","format":"standard","meta":{"footnotes":""},"categories":[253,439],"tags":[],"class_list":["post-128770","post","type-post","status-publish","format-standard","hentry","category-cidade","category-ultima-hora"],"_links":{"self":[{"href":"https:\/\/diarioregionaldigital.com.br\/index.php?rest_route=\/wp\/v2\/posts\/128770","targetHints":{"allow":["GET"]}}],"collection":[{"href":"https:\/\/diarioregionaldigital.com.br\/index.php?rest_route=\/wp\/v2\/posts"}],"about":[{"href":"https:\/\/diarioregionaldigital.com.br\/index.php?rest_route=\/wp\/v2\/types\/post"}],"author":[{"embeddable":true,"href":"https:\/\/diarioregionaldigital.com.br\/index.php?rest_route=\/wp\/v2\/users\/96"}],"replies":[{"embeddable":true,"href":"https:\/\/diarioregionaldigital.com.br\/index.php?rest_route=%2Fwp%2Fv2%2Fcomments&post=128770"}],"version-history":[{"count":0,"href":"https:\/\/diarioregionaldigital.com.br\/index.php?rest_route=\/wp\/v2\/posts\/128770\/revisions"}],"wp:attachment":[{"href":"https:\/\/diarioregionaldigital.com.br\/index.php?rest_route=%2Fwp%2Fv2%2Fmedia&parent=128770"}],"wp:term":[{"taxonomy":"category","embeddable":true,"href":"https:\/\/diarioregionaldigital.com.br\/index.php?rest_route=%2Fwp%2Fv2%2Fcategories&post=128770"},{"taxonomy":"post_tag","embeddable":true,"href":"https:\/\/diarioregionaldigital.com.br\/index.php?rest_route=%2Fwp%2Fv2%2Ftags&post=128770"}],"curies":[{"name":"wp","href":"https:\/\/api.w.org\/{rel}","templated":true}]}}