{"id":128764,"date":"2018-12-19T09:14:15","date_gmt":"2018-12-19T11:14:15","guid":{"rendered":"https:\/\/diarioregionaldigital.com.br\/?p=128764"},"modified":"2018-12-19T09:14:15","modified_gmt":"2018-12-19T11:14:15","slug":"policia-militar-registra-diversos-assaltos-em-juiz-de-fora-nessa-terca-feira","status":"publish","type":"post","link":"https:\/\/diarioregionaldigital.com.br\/?p=128764","title":{"rendered":"Pol\u00edcia Militar registra diversos assaltos em Juiz de Fora nessa ter\u00e7a-feira"},"content":{"rendered":"<p>Seis pessoas foram v\u00edtimas de assaltos durante essa ter\u00e7a-feira, 18, em Juiz de Fora, segundo registros de ocorr\u00eancia da Pol\u00edcia Militar (PM). Um dos casos aconteceu em Benfica, na zona Norte da cidade, onde uma adolescente teve o celular e R$100 roubados.<\/p>\n<p>Ela passava pela Rua Martins Barbosa, por volta das 9h30, quando foi abordada por um homem armado com uma barra de ferro.\u00a0 O assaltante amea\u00e7ou a v\u00edtima, que tem 13 anos, e exigiu que ela entregasse os pertences. Em seguida, o homem fugiu e n\u00e3o foi localizado pela PM.<\/p>\n<p>Outro registro de roubo foi feito \u00e0 tarde no bairro Costa Carvalho, na regi\u00e3o Sudeste. Dois homens, de 44 e 48 anos faziam uma entrega de bebidas na Rua Olga Burnier quando foram surpreendidos por outros dois indiv\u00edduos armados com pistolas. Os autores anunciaram o assalto e fugiram levando R$671. Um dos autores foi reconhecido, mas nenhum deles foi preso.<\/p>\n<p>Ainda durante a tarde, um jovem, 23 anos, foi assaltado na Avenida Rio Branco, entre as ruas Floriano Peixoto e S\u00e3o Sebasti\u00e3o, no Centro da cidade. Segundo a v\u00edtima, ela foi abordada por dois homens que anunciaram o assalto. O jovem tentou fugir, mas foi impedido pelos bandidos que conseguiram roubar cart\u00e3o de cr\u00e9dito, carteira, um celular e R$ 47.<\/p>\n<p>O sexto assalto registrado em Juiz de Fora aconteceu \u00e0 noite, no bairro S\u00e3o Mateus, na zona Sul. Um casal passava pela Avenida Itamar Franco, nas proximidades do Hospital e Maternidade Therezinha de Jesus, quando foi abordado por dois homens armados com faca. O homem, de 28 anos, e a mulher, de 24, tiveram os celulares levados pelos assaltantes. At\u00e9 o momento, ningu\u00e9m foi preso.<\/p>\n<p>&nbsp;<\/p>\n<p>&nbsp;<\/p>\n<p>&nbsp;<\/p>\n","protected":false},"excerpt":{"rendered":"<p>Seis pessoas foram v\u00edtimas de assaltos durante essa ter\u00e7a-feira, 18, em Juiz de Fora, segundo registros de ocorr\u00eancia da Pol\u00edcia Militar (PM). Um dos casos aconteceu em Benfica, na zona Norte da cidade, onde uma adolescente teve o celular e R$100 roubados. Ela passava pela Rua Martins Barbosa, por volta das 9h30, quando foi abordada [&hellip;]<\/p>\n","protected":false},"author":96,"featured_media":95836,"comment_status":"closed","ping_status":"closed","sticky":false,"template":"","format":"standard","meta":{"footnotes":""},"categories":[301],"tags":[],"class_list":["post-128764","post","type-post","status-publish","format-standard","has-post-thumbnail","hentry","category-artigos-policiais"],"_links":{"self":[{"href":"https:\/\/diarioregionaldigital.com.br\/index.php?rest_route=\/wp\/v2\/posts\/128764","targetHints":{"allow":["GET"]}}],"collection":[{"href":"https:\/\/diarioregionaldigital.com.br\/index.php?rest_route=\/wp\/v2\/posts"}],"about":[{"href":"https:\/\/diarioregionaldigital.com.br\/index.php?rest_route=\/wp\/v2\/types\/post"}],"author":[{"embeddable":true,"href":"https:\/\/diarioregionaldigital.com.br\/index.php?rest_route=\/wp\/v2\/users\/96"}],"replies":[{"embeddable":true,"href":"https:\/\/diarioregionaldigital.com.br\/index.php?rest_route=%2Fwp%2Fv2%2Fcomments&post=128764"}],"version-history":[{"count":0,"href":"https:\/\/diarioregionaldigital.com.br\/index.php?rest_route=\/wp\/v2\/posts\/128764\/revisions"}],"wp:featuredmedia":[{"embeddable":true,"href":"https:\/\/diarioregionaldigital.com.br\/index.php?rest_route=\/wp\/v2\/media\/95836"}],"wp:attachment":[{"href":"https:\/\/diarioregionaldigital.com.br\/index.php?rest_route=%2Fwp%2Fv2%2Fmedia&parent=128764"}],"wp:term":[{"taxonomy":"category","embeddable":true,"href":"https:\/\/diarioregionaldigital.com.br\/index.php?rest_route=%2Fwp%2Fv2%2Fcategories&post=128764"},{"taxonomy":"post_tag","embeddable":true,"href":"https:\/\/diarioregionaldigital.com.br\/index.php?rest_route=%2Fwp%2Fv2%2Ftags&post=128764"}],"curies":[{"name":"wp","href":"https:\/\/api.w.org\/{rel}","templated":true}]}}