{"id":128756,"date":"2018-12-19T08:36:37","date_gmt":"2018-12-19T10:36:37","guid":{"rendered":"https:\/\/diarioregionaldigital.com.br\/?p=128756"},"modified":"2018-12-19T08:36:37","modified_gmt":"2018-12-19T10:36:37","slug":"jovem-e-assaltado-em-estrada-na-zona-sul-de-juiz-de-fora","status":"publish","type":"post","link":"https:\/\/diarioregionaldigital.com.br\/?p=128756","title":{"rendered":"Jovem \u00e9 assaltado em estrada na zona Sul de Juiz de Fora"},"content":{"rendered":"<p>Um jovem, 26 anos, foi v\u00edtima de uma tentativa de assalto nessa ter\u00e7a-feira, 18, na Estrada Joaquim Vicente Guedes, no bairro Cruzeiro do Sul, na zona Sul de Juiz de Fora. Por volta das 18h, o rapaz foi abordado por um homem armado enquanto passava pela via.<\/p>\n<p>O assaltante fez amea\u00e7as e exigiu que a v\u00edtima entregasse o celular. Ap\u00f3s conseguir o aparelho, fugiu, mas foi localizado pela Pol\u00edcia Militar pouco depois andando na regi\u00e3o.<\/p>\n<p>Com ele, a PM localizou o celular e a arma, que na verdade era falsa. O autor tem 24 anos e foi preso por tentativa de roubo, uma vez n\u00e3o obteve a posse definitiva do material. Ele foi encaminhado para a delegacia.<\/p>\n","protected":false},"excerpt":{"rendered":"<p>Um jovem, 26 anos, foi v\u00edtima de uma tentativa de assalto nessa ter\u00e7a-feira, 18, na Estrada Joaquim Vicente Guedes, no bairro Cruzeiro do Sul, na zona Sul de Juiz de Fora. Por volta das 18h, o rapaz foi abordado por um homem armado enquanto passava pela via. O assaltante fez amea\u00e7as e exigiu que a [&hellip;]<\/p>\n","protected":false},"author":96,"featured_media":95836,"comment_status":"closed","ping_status":"closed","sticky":false,"template":"","format":"standard","meta":{"footnotes":""},"categories":[301],"tags":[],"class_list":["post-128756","post","type-post","status-publish","format-standard","has-post-thumbnail","hentry","category-artigos-policiais"],"_links":{"self":[{"href":"https:\/\/diarioregionaldigital.com.br\/index.php?rest_route=\/wp\/v2\/posts\/128756","targetHints":{"allow":["GET"]}}],"collection":[{"href":"https:\/\/diarioregionaldigital.com.br\/index.php?rest_route=\/wp\/v2\/posts"}],"about":[{"href":"https:\/\/diarioregionaldigital.com.br\/index.php?rest_route=\/wp\/v2\/types\/post"}],"author":[{"embeddable":true,"href":"https:\/\/diarioregionaldigital.com.br\/index.php?rest_route=\/wp\/v2\/users\/96"}],"replies":[{"embeddable":true,"href":"https:\/\/diarioregionaldigital.com.br\/index.php?rest_route=%2Fwp%2Fv2%2Fcomments&post=128756"}],"version-history":[{"count":0,"href":"https:\/\/diarioregionaldigital.com.br\/index.php?rest_route=\/wp\/v2\/posts\/128756\/revisions"}],"wp:featuredmedia":[{"embeddable":true,"href":"https:\/\/diarioregionaldigital.com.br\/index.php?rest_route=\/wp\/v2\/media\/95836"}],"wp:attachment":[{"href":"https:\/\/diarioregionaldigital.com.br\/index.php?rest_route=%2Fwp%2Fv2%2Fmedia&parent=128756"}],"wp:term":[{"taxonomy":"category","embeddable":true,"href":"https:\/\/diarioregionaldigital.com.br\/index.php?rest_route=%2Fwp%2Fv2%2Fcategories&post=128756"},{"taxonomy":"post_tag","embeddable":true,"href":"https:\/\/diarioregionaldigital.com.br\/index.php?rest_route=%2Fwp%2Fv2%2Ftags&post=128756"}],"curies":[{"name":"wp","href":"https:\/\/api.w.org\/{rel}","templated":true}]}}