{"id":128751,"date":"2018-12-19T08:20:48","date_gmt":"2018-12-19T10:20:48","guid":{"rendered":"https:\/\/diarioregionaldigital.com.br\/?p=128751"},"modified":"2018-12-19T08:20:48","modified_gmt":"2018-12-19T10:20:48","slug":"trio-que-vendia-drogas-e-preso-no-bairro-manoel-honorio","status":"publish","type":"post","link":"https:\/\/diarioregionaldigital.com.br\/?p=128751","title":{"rendered":"Trio que vendia drogas \u00e9 preso no bairro Manoel Hon\u00f3rio"},"content":{"rendered":"<p>Dois homens e uma mulher, de idades entre 24 e 28 anos, foram presos nessa ter\u00e7a-feira, 18, na zona Leste de Juiz de Fora por tr\u00e1fico de drogas. A Pol\u00edcia Militar (PM) chegou aos autores atrav\u00e9s de uma den\u00fancia e foi at\u00e9 a resid\u00eancia de um deles, na Rua Am\u00e9rico Lobo, no bairro Manoel Hon\u00f3rio, para cumprir um mandado de busca e apreens\u00e3o.<\/p>\n<p>Na casa foram encontrados meio tablete de maconha, dois peda\u00e7os de maconha, um papelote de coca\u00edna, cinco tabletes de maconha, galhos de maconha, materiais para embalar drogas, uma balan\u00e7a de precis\u00e3o, dois celulares e R$ 2.852 em dinheiro. Ao revistar o colch\u00e3o da cama do autor, a PM encontrou ainda seis tabletes de maconha e mais R$ 8.074,25. O carro do traficante tamb\u00e9m foi alvo de revista, sendo localizado um pacote com uma por\u00e7\u00e3o de maconha.<\/p>\n<p>Os policiais militares tamb\u00e9m foram \u00e0 resid\u00eancia da mulher na Rua Eug\u00eanio Fontainha, no mesmo bairro. Na segunda casa encontraram dois tabletes e meio de maconha, uma por\u00e7\u00e3o de maconha, uma balan\u00e7a de precis\u00e3o e uma sacola usada para armazenar drogas.<\/p>\n<p>Todos os materiais foram apreendidos e os autores presos e conduzidos para delegacia.<\/p>\n","protected":false},"excerpt":{"rendered":"<p>Dois homens e uma mulher, de idades entre 24 e 28 anos, foram presos nessa ter\u00e7a-feira, 18, na zona Leste de Juiz de Fora por tr\u00e1fico de drogas. A Pol\u00edcia Militar (PM) chegou aos autores atrav\u00e9s de uma den\u00fancia e foi at\u00e9 a resid\u00eancia de um deles, na Rua Am\u00e9rico Lobo, no bairro Manoel Hon\u00f3rio, [&hellip;]<\/p>\n","protected":false},"author":96,"featured_media":95836,"comment_status":"closed","ping_status":"closed","sticky":false,"template":"","format":"standard","meta":{"footnotes":""},"categories":[301],"tags":[],"class_list":["post-128751","post","type-post","status-publish","format-standard","has-post-thumbnail","hentry","category-artigos-policiais"],"_links":{"self":[{"href":"https:\/\/diarioregionaldigital.com.br\/index.php?rest_route=\/wp\/v2\/posts\/128751","targetHints":{"allow":["GET"]}}],"collection":[{"href":"https:\/\/diarioregionaldigital.com.br\/index.php?rest_route=\/wp\/v2\/posts"}],"about":[{"href":"https:\/\/diarioregionaldigital.com.br\/index.php?rest_route=\/wp\/v2\/types\/post"}],"author":[{"embeddable":true,"href":"https:\/\/diarioregionaldigital.com.br\/index.php?rest_route=\/wp\/v2\/users\/96"}],"replies":[{"embeddable":true,"href":"https:\/\/diarioregionaldigital.com.br\/index.php?rest_route=%2Fwp%2Fv2%2Fcomments&post=128751"}],"version-history":[{"count":0,"href":"https:\/\/diarioregionaldigital.com.br\/index.php?rest_route=\/wp\/v2\/posts\/128751\/revisions"}],"wp:featuredmedia":[{"embeddable":true,"href":"https:\/\/diarioregionaldigital.com.br\/index.php?rest_route=\/wp\/v2\/media\/95836"}],"wp:attachment":[{"href":"https:\/\/diarioregionaldigital.com.br\/index.php?rest_route=%2Fwp%2Fv2%2Fmedia&parent=128751"}],"wp:term":[{"taxonomy":"category","embeddable":true,"href":"https:\/\/diarioregionaldigital.com.br\/index.php?rest_route=%2Fwp%2Fv2%2Fcategories&post=128751"},{"taxonomy":"post_tag","embeddable":true,"href":"https:\/\/diarioregionaldigital.com.br\/index.php?rest_route=%2Fwp%2Fv2%2Ftags&post=128751"}],"curies":[{"name":"wp","href":"https:\/\/api.w.org\/{rel}","templated":true}]}}