{"id":128734,"date":"2018-12-19T08:59:36","date_gmt":"2018-12-19T10:59:36","guid":{"rendered":"https:\/\/diarioregionaldigital.com.br\/?p=128734"},"modified":"2018-12-19T09:00:52","modified_gmt":"2018-12-19T11:00:52","slug":"prefeitura-anuncia-datas-do-pagamento-do-salario-de-dezembro-e-do-13o","status":"publish","type":"post","link":"https:\/\/diarioregionaldigital.com.br\/?p=128734","title":{"rendered":"Prefeitura anuncia datas do pagamento do sal\u00e1rio de dezembro e do 13\u00ba"},"content":{"rendered":"<p>A Prefeitura de Juiz de Fora (PJF) anunciou na tarde desta ter\u00e7a-feira, 18, que o pagamento da folha de dezembro dos servidores municipais ser\u00e1 quitado at\u00e9 10 de janeiro de 2019, podendo ser cumprido no dia 8 (quinto dia \u00fatil do m\u00eas). J\u00e1 o 13\u00ba ser\u00e1 pago em duas parcelas &#8211; 18 de janeiro e 15 de fevereiro.<\/p>\n<p>De acordo com o prefeito Ant\u00f4nio Almas, as dificuldades de pagamento est\u00e3o relacionadas \u00e0 aus\u00eancia de repasses do Governo do estado ao munic\u00edpio, que chegam a R$195 milh\u00f5es, entre resolu\u00e7\u00f5es e conv\u00eanios da sa\u00fade e repasses do Imposto sobre Circula\u00e7\u00e3o de Mercadorias e Servi\u00e7os (ICMS), Fundo de Manuten\u00e7\u00e3o e Desenvolvimento da Educa\u00e7\u00e3o B\u00e1sica (Fundeb) e Imposto sobre Propriedade de Ve\u00edculos Automotores (IPVA). No caso dos repasses constitucionais (ICMS, Fundeb e IPVA), a soma \u00e9 de R$63 milh\u00f5es. Somente o atraso do Fundeb, relacionado \u00e0 educa\u00e7\u00e3o, \u00e9 de quase R$50 milh\u00f5es, o que equivale a uma folha inteira do funcionalismo municipal. \u201cOntem (dia 17) estivemos em Belo Horizonte, para acompanharmos na Assembleia a vota\u00e7\u00e3o do fundo extraordin\u00e1rio, que oficializa o calote. A expectativa era pela sua reprova\u00e7\u00e3o, mas ele foi novamente adiado, o que dificulta a possibilidade de qualquer recurso da d\u00edvida este ano\u201d, explicou o prefeito, que tamb\u00e9m esteve com o governador eleito, Romeu Zema.<\/p>\n<p>O secret\u00e1rio da Fazenda da PJF, F\u00falvio Albertoni, explicou que quase a metade dos servidores do munic\u00edpio j\u00e1 recebeu 50% da gratifica\u00e7\u00e3o natalina, quando oficializaram suas f\u00e9rias do ano, como \u00e9 permitido pela legisla\u00e7\u00e3o: \u201cEles, agora, receber\u00e3o a segunda metade em 15 de fevereiro. Aqueles que n\u00e3o requisitaram a metade do 13\u00ba nas f\u00e9rias receber\u00e3o o valor total, dividido nas duas parcelas\u201d.<\/p>\n<p><em>Fonte: Assessoria<\/em><\/p>\n","protected":false},"excerpt":{"rendered":"<p>A Prefeitura de Juiz de Fora (PJF) anunciou na tarde desta ter\u00e7a-feira, 18, que o pagamento da folha de dezembro dos servidores municipais ser\u00e1 quitado at\u00e9 10 de janeiro de 2019, podendo ser cumprido no dia 8 (quinto dia \u00fatil do m\u00eas). J\u00e1 o 13\u00ba ser\u00e1 pago em duas parcelas &#8211; 18 de janeiro e [&hellip;]<\/p>\n","protected":false},"author":96,"featured_media":128735,"comment_status":"closed","ping_status":"closed","sticky":false,"template":"","format":"standard","meta":{"footnotes":""},"categories":[253,440,439],"tags":[],"class_list":["post-128734","post","type-post","status-publish","format-standard","has-post-thumbnail","hentry","category-cidade","category-destaques-do-dia","category-ultima-hora"],"_links":{"self":[{"href":"https:\/\/diarioregionaldigital.com.br\/index.php?rest_route=\/wp\/v2\/posts\/128734","targetHints":{"allow":["GET"]}}],"collection":[{"href":"https:\/\/diarioregionaldigital.com.br\/index.php?rest_route=\/wp\/v2\/posts"}],"about":[{"href":"https:\/\/diarioregionaldigital.com.br\/index.php?rest_route=\/wp\/v2\/types\/post"}],"author":[{"embeddable":true,"href":"https:\/\/diarioregionaldigital.com.br\/index.php?rest_route=\/wp\/v2\/users\/96"}],"replies":[{"embeddable":true,"href":"https:\/\/diarioregionaldigital.com.br\/index.php?rest_route=%2Fwp%2Fv2%2Fcomments&post=128734"}],"version-history":[{"count":0,"href":"https:\/\/diarioregionaldigital.com.br\/index.php?rest_route=\/wp\/v2\/posts\/128734\/revisions"}],"wp:featuredmedia":[{"embeddable":true,"href":"https:\/\/diarioregionaldigital.com.br\/index.php?rest_route=\/wp\/v2\/media\/128735"}],"wp:attachment":[{"href":"https:\/\/diarioregionaldigital.com.br\/index.php?rest_route=%2Fwp%2Fv2%2Fmedia&parent=128734"}],"wp:term":[{"taxonomy":"category","embeddable":true,"href":"https:\/\/diarioregionaldigital.com.br\/index.php?rest_route=%2Fwp%2Fv2%2Fcategories&post=128734"},{"taxonomy":"post_tag","embeddable":true,"href":"https:\/\/diarioregionaldigital.com.br\/index.php?rest_route=%2Fwp%2Fv2%2Ftags&post=128734"}],"curies":[{"name":"wp","href":"https:\/\/api.w.org\/{rel}","templated":true}]}}