{"id":128546,"date":"2018-12-17T12:37:20","date_gmt":"2018-12-17T14:37:20","guid":{"rendered":"https:\/\/diarioregionaldigital.com.br\/?p=128546"},"modified":"2018-12-17T12:40:59","modified_gmt":"2018-12-17T14:40:59","slug":"melhores-atletas-de-2018-serao-conhecidos-nesta-terca-feira-dia-18","status":"publish","type":"post","link":"https:\/\/diarioregionaldigital.com.br\/?p=128546","title":{"rendered":"MELHORES ATLETAS DE 2018 SER\u00c3O CONHECIDOS NESTA TER\u00c7A-FEIRA, DIA 18"},"content":{"rendered":"<p>Tudo pronto para a noite de gala do esporte brasileiro. Nesta ter\u00e7a, dia 18, a partir das 20h, ser\u00e3o conhecidos os Melhores Atletas de 2018 e o Atleta da Torcida, durante a vig\u00e9sima edi\u00e7\u00e3o do Pr\u00eamio Brasil Ol\u00edmpico (PBO), organizada pelo Comit\u00ea Ol\u00edmpico do Brasil (COB) no Teatro Bradesco, no Rio de Janeiro. Ana Marcela (maratona aqu\u00e1tica), Ana S\u00e1tila (canoagem slalom) e Marta (futebol), no feminino, e Gabriel Medina (surfe), Isaquias Queiroz (canoagem velocidade) e Pedro Barros (skate), no masculino, concorrem ao pr\u00eamio de Melhor do Ano.<\/p>\n<p>J\u00e1 \u00c1gatha e Duda (v\u00f4lei de praia), Arthur Zanetti (gin\u00e1stica art\u00edstica), Bruno Fratus (nata\u00e7\u00e3o), Bruno Rezende (v\u00f4lei), Eduarda Amorim (handebol), \u00c9rika Miranda (jud\u00f4), Gabriel Medina (surfe), Henrique Avancini (ciclismo mountain bike), Let\u00edcia Bufoni (skate) e Marta (futebol) disputam ao Trof\u00e9u Atleta da Torcida definido no voto popular. A vota\u00e7\u00e3o s\u00f3 ser\u00e1 encerrada durante a cerim\u00f4nia do PBO e pode ser feita atrav\u00e9s do site pbo.cob.org.br.<\/p>\n<p>As homenagens aos \u00eddolos que fazem parte da hist\u00f3ria do esporte ol\u00edmpico brasileiro come\u00e7am antes mesmo da cerim\u00f4nia do Pr\u00eamio Brasil Ol\u00edmpico. \u00c0s 18h30, o COB lan\u00e7a o seu Hall da Fama. Os primeiros a deixarem suas marcas ser\u00e3o Torben Grael, da Vela, maior medalhista ol\u00edmpico do Brasil; a dupla Sandra Pires e Jackie Silva, do V\u00f4lei de Praia, primeiras brasileiras a ganharem ouro nos Jogos; e Vanderlei Cordeiro de Lima, \u00fanico brasileiro a receber a medalha Pierre de Coubertin, maior honraria do COI. A homenagem anual ser\u00e1 feita a personagens que contribu\u00edram de maneira marcante com o esporte ol\u00edmpico brasileiro, promovendo o olimpismo e inspirando novas gera\u00e7\u00f5es.<\/p>\n<p>Haver\u00e1 ainda outras premia\u00e7\u00f5es j\u00e1 definidas e que ser\u00e3o entregues durante a cerim\u00f4nia de gala do esporte brasileiro. O Trof\u00e9u Adhemar Ferreira da Silva ser\u00e1 entregue a Jackie Silva, do v\u00f4lei de praia. Primeira medalhista ol\u00edmpica do esporte feminino brasileiro, com o ouro nos Jogos Ol\u00edmpicos de Atlanta 96, ao lado de Sandra Pires, ser\u00e1 homenageada por representar por valores como coragem, esp\u00edrito de lideran\u00e7a e efici\u00eancia.<\/p>\n<p><strong>Fonte: COB<\/strong><\/p>\n<p>&nbsp;<\/p>\n","protected":false},"excerpt":{"rendered":"<p>Tudo pronto para a noite de gala do esporte brasileiro. Nesta ter\u00e7a, dia 18, a partir das 20h, ser\u00e3o conhecidos os Melhores Atletas de 2018 e o Atleta da Torcida, durante a vig\u00e9sima edi\u00e7\u00e3o do Pr\u00eamio Brasil Ol\u00edmpico (PBO), organizada pelo Comit\u00ea Ol\u00edmpico do Brasil (COB) no Teatro Bradesco, no Rio de Janeiro. Ana Marcela [&hellip;]<\/p>\n","protected":false},"author":96,"featured_media":128552,"comment_status":"closed","ping_status":"closed","sticky":false,"template":"","format":"standard","meta":{"footnotes":""},"categories":[257,439],"tags":[],"class_list":["post-128546","post","type-post","status-publish","format-standard","has-post-thumbnail","hentry","category-esporte","category-ultima-hora"],"_links":{"self":[{"href":"https:\/\/diarioregionaldigital.com.br\/index.php?rest_route=\/wp\/v2\/posts\/128546","targetHints":{"allow":["GET"]}}],"collection":[{"href":"https:\/\/diarioregionaldigital.com.br\/index.php?rest_route=\/wp\/v2\/posts"}],"about":[{"href":"https:\/\/diarioregionaldigital.com.br\/index.php?rest_route=\/wp\/v2\/types\/post"}],"author":[{"embeddable":true,"href":"https:\/\/diarioregionaldigital.com.br\/index.php?rest_route=\/wp\/v2\/users\/96"}],"replies":[{"embeddable":true,"href":"https:\/\/diarioregionaldigital.com.br\/index.php?rest_route=%2Fwp%2Fv2%2Fcomments&post=128546"}],"version-history":[{"count":0,"href":"https:\/\/diarioregionaldigital.com.br\/index.php?rest_route=\/wp\/v2\/posts\/128546\/revisions"}],"wp:featuredmedia":[{"embeddable":true,"href":"https:\/\/diarioregionaldigital.com.br\/index.php?rest_route=\/wp\/v2\/media\/128552"}],"wp:attachment":[{"href":"https:\/\/diarioregionaldigital.com.br\/index.php?rest_route=%2Fwp%2Fv2%2Fmedia&parent=128546"}],"wp:term":[{"taxonomy":"category","embeddable":true,"href":"https:\/\/diarioregionaldigital.com.br\/index.php?rest_route=%2Fwp%2Fv2%2Fcategories&post=128546"},{"taxonomy":"post_tag","embeddable":true,"href":"https:\/\/diarioregionaldigital.com.br\/index.php?rest_route=%2Fwp%2Fv2%2Ftags&post=128546"}],"curies":[{"name":"wp","href":"https:\/\/api.w.org\/{rel}","templated":true}]}}