{"id":128543,"date":"2018-12-17T12:07:40","date_gmt":"2018-12-17T14:07:40","guid":{"rendered":"https:\/\/diarioregionaldigital.com.br\/?p=128543"},"modified":"2018-12-17T12:07:40","modified_gmt":"2018-12-17T14:07:40","slug":"mercado-mantem-estimativa-de-inflacao-em-371-este-ano","status":"publish","type":"post","link":"https:\/\/diarioregionaldigital.com.br\/?p=128543","title":{"rendered":"Mercado mant\u00e9m estimativa de infla\u00e7\u00e3o em 3,71% este ano"},"content":{"rendered":"<p>Depois de sete redu\u00e7\u00f5es consecutivas, a estimativa de institui\u00e7\u00f5es financeiras para a infla\u00e7\u00e3o este ano ficou est\u00e1vel. A proje\u00e7\u00e3o para o \u00cdndice Nacional de Pre\u00e7os ao Consumidor Amplo (IPC-A) permanece em 3,71%, este ano. As informa\u00e7\u00f5es s\u00e3o do boletim Focus, publicado toda segunda-feira no site do Banco Central (BC), com estimativas do mercado financeiro para os principais indicadores da economia.<\/p>\n<p>Para 2019, a proje\u00e7\u00e3o tamb\u00e9m n\u00e3o foi alterada em rela\u00e7\u00e3o \u00e0 semana passada: 4,07%. Em 2020, a expectativa \u00e9 que a infla\u00e7\u00e3o fique em 4% e em 2021, 3,75%.<\/p>\n<p>As estimativas est\u00e3o abaixo da meta de infla\u00e7\u00e3o que deve ser perseguida pelo BC. Para este ano, o centro da meta \u00e9 4,5%, com limite inferior de 3% e superior de 6%. Para 2019, a meta \u00e9 4,25% com intervalo de toler\u00e2ncia entre 2,75% e 5,75%.<\/p>\n<p>J\u00e1 para 2020, a meta \u00e9 4%. Para 2021, 3,75%. O intervalo de toler\u00e2ncia \u00e9 de 1,5 ponto percentual para os dois anos.<\/p>\n<h2>Taxa de juros<\/h2>\n<p>O principal instrumento usado pelo BC para controlar a infla\u00e7\u00e3o \u00e9 a taxa b\u00e1sica de juros, a Selic. Na semana passada, o Comit\u00ea de Pol\u00edtica Monet\u00e1ria (Copom) do BC decidiu <a href=\"http:\/\/agenciabrasil.ebc.com.br\/economia\/noticia\/2018-12\/copom-mantem-selic-em-65-ao-ano-pela-sexta-vez-seguida\" target=\"_blank\" rel=\"noopener\">manter a Selic em 6,5% ao ano<\/a>.<\/p>\n<p>Para as institui\u00e7\u00f5es financeiras, a Selic deve subir em 2019, encerrando o per\u00edodo em 7,5% ao ano. A primeira reuni\u00e3o do Copom de 2019 ocorrer\u00e1 em fevereiro.<\/p>\n<p>Quando o Copom reduz os juros b\u00e1sicos, a tend\u00eancia \u00e9 diminuir os custos do cr\u00e9dito e incentivar a produ\u00e7\u00e3o e o consumo. Para cortar a Selic, a autoridade monet\u00e1ria precisa estar segura de que os pre\u00e7os est\u00e3o sob controle e n\u00e3o correm risco de ficar acima da meta de infla\u00e7\u00e3o.<\/p>\n<p>Quando o Copom aumenta a Selic, o objetivo \u00e9 conter a demanda aquecida, e isso causa reflexos nos pre\u00e7os porque os juros mais altos encarecem o cr\u00e9dito e estimulam a poupan\u00e7a<\/p>\n<h2>Atividade econ\u00f4mica<\/h2>\n<p>A proje\u00e7\u00e3o para a expans\u00e3o do Produto Interno Bruto (PIB) \u2013 a soma de todos os bens e servi\u00e7os produzidos no pa\u00eds \u2013 foi mantida em 1,30%.<\/p>\n<p>Para 2019, a estimativa foi ajustada de 2,53% para 2,55%. As institui\u00e7\u00f5es financeiras projetam crescimento de 2,50% do PIB em 2020 e 2021.<\/p>\n<h2>Cota\u00e7\u00e3o do d\u00f3lar<\/h2>\n<p>A previs\u00e3o do mercado financeiro para a cota\u00e7\u00e3o do d\u00f3lar passou de R$3,78 para R$3,83 no fim deste ano e para 2019 permanece em R$3,80.<\/p>\n<p><em>Fonte: Ag\u00eancia Brasil<\/em><\/p>\n","protected":false},"excerpt":{"rendered":"<p>Depois de sete redu\u00e7\u00f5es consecutivas, a estimativa de institui\u00e7\u00f5es financeiras para a infla\u00e7\u00e3o este ano ficou est\u00e1vel. A proje\u00e7\u00e3o para o \u00cdndice Nacional de Pre\u00e7os ao Consumidor Amplo (IPC-A) permanece em 3,71%, este ano. As informa\u00e7\u00f5es s\u00e3o do boletim Focus, publicado toda segunda-feira no site do Banco Central (BC), com estimativas do mercado financeiro para [&hellip;]<\/p>\n","protected":false},"author":96,"featured_media":0,"comment_status":"closed","ping_status":"closed","sticky":false,"template":"","format":"standard","meta":{"footnotes":""},"categories":[261,439],"tags":[],"class_list":["post-128543","post","type-post","status-publish","format-standard","hentry","category-economia","category-ultima-hora"],"_links":{"self":[{"href":"https:\/\/diarioregionaldigital.com.br\/index.php?rest_route=\/wp\/v2\/posts\/128543","targetHints":{"allow":["GET"]}}],"collection":[{"href":"https:\/\/diarioregionaldigital.com.br\/index.php?rest_route=\/wp\/v2\/posts"}],"about":[{"href":"https:\/\/diarioregionaldigital.com.br\/index.php?rest_route=\/wp\/v2\/types\/post"}],"author":[{"embeddable":true,"href":"https:\/\/diarioregionaldigital.com.br\/index.php?rest_route=\/wp\/v2\/users\/96"}],"replies":[{"embeddable":true,"href":"https:\/\/diarioregionaldigital.com.br\/index.php?rest_route=%2Fwp%2Fv2%2Fcomments&post=128543"}],"version-history":[{"count":0,"href":"https:\/\/diarioregionaldigital.com.br\/index.php?rest_route=\/wp\/v2\/posts\/128543\/revisions"}],"wp:attachment":[{"href":"https:\/\/diarioregionaldigital.com.br\/index.php?rest_route=%2Fwp%2Fv2%2Fmedia&parent=128543"}],"wp:term":[{"taxonomy":"category","embeddable":true,"href":"https:\/\/diarioregionaldigital.com.br\/index.php?rest_route=%2Fwp%2Fv2%2Fcategories&post=128543"},{"taxonomy":"post_tag","embeddable":true,"href":"https:\/\/diarioregionaldigital.com.br\/index.php?rest_route=%2Fwp%2Fv2%2Ftags&post=128543"}],"curies":[{"name":"wp","href":"https:\/\/api.w.org\/{rel}","templated":true}]}}