{"id":128529,"date":"2018-12-17T11:06:29","date_gmt":"2018-12-17T13:06:29","guid":{"rendered":"https:\/\/diarioregionaldigital.com.br\/?p=128529"},"modified":"2018-12-17T11:06:29","modified_gmt":"2018-12-17T13:06:29","slug":"comeca-periodo-de-matricula-em-escolas-municipais-em-juiz-de-fora","status":"publish","type":"post","link":"https:\/\/diarioregionaldigital.com.br\/?p=128529","title":{"rendered":"Come\u00e7a per\u00edodo de matr\u00edcula em escolas municipais em Juiz de Fora"},"content":{"rendered":"<p>As matr\u00edculas para o ano letivo de 2019 das escolas da rede municipal de ensino de Juiz de Fora come\u00e7aram nesta segunda-feira, 17. Os interessados, que participaram do cadastro escolar ocorrido em junho e divulgados na \u00faltima ter\u00e7a-feira, 11, devem efetuar a inscri\u00e7\u00e3o at\u00e9 sexta-feira, 21.<\/p>\n<div class=\"mc-column content-text active-extra-styles active-capital-letter\" data-block-type=\"unstyled\" data-block-weight=\"51\" data-block-id=\"2\"><\/div>\n<p>Para sua efetiva\u00e7\u00e3o na rede municipal de ensino de Juiz de Fora, al\u00e9m do preenchimento da ficha, dever\u00e3o ser entregues, obrigatoriamente, na secretaria escolar:<\/p>\n<p>&#8211; c\u00f3pia e apresenta\u00e7\u00e3o do original de documento que comprove o endere\u00e7o da resid\u00eancia do candidato, em conformidade com o atestado no ato da inscri\u00e7\u00e3o, preferencialmente conta de luz recente;<br \/>\n&#8211; c\u00f3pia e apresenta\u00e7\u00e3o do original da certid\u00e3o de nascimento ou carteira de identidade e Cadastro de Pessoa F\u00edsica (CPF), caso possua;<br \/>\n&#8211; cart\u00e3o de vacina (Sistema \u00danico de Sa\u00fade\/SUS);<br \/>\n&#8211; comprovante de escolaridade, quando for o caso de transfer\u00eancia de outros munic\u00edpios, da rede particular de ensino, ou retorno aos estudos.<\/p>\n","protected":false},"excerpt":{"rendered":"<p>As matr\u00edculas para o ano letivo de 2019 das escolas da rede municipal de ensino de Juiz de Fora come\u00e7aram nesta segunda-feira, 17. Os interessados, que participaram do cadastro escolar ocorrido em junho e divulgados na \u00faltima ter\u00e7a-feira, 11, devem efetuar a inscri\u00e7\u00e3o at\u00e9 sexta-feira, 21. Para sua efetiva\u00e7\u00e3o na rede municipal de ensino de [&hellip;]<\/p>\n","protected":false},"author":96,"featured_media":128418,"comment_status":"closed","ping_status":"closed","sticky":false,"template":"","format":"standard","meta":{"footnotes":""},"categories":[253,439],"tags":[],"class_list":["post-128529","post","type-post","status-publish","format-standard","has-post-thumbnail","hentry","category-cidade","category-ultima-hora"],"_links":{"self":[{"href":"https:\/\/diarioregionaldigital.com.br\/index.php?rest_route=\/wp\/v2\/posts\/128529","targetHints":{"allow":["GET"]}}],"collection":[{"href":"https:\/\/diarioregionaldigital.com.br\/index.php?rest_route=\/wp\/v2\/posts"}],"about":[{"href":"https:\/\/diarioregionaldigital.com.br\/index.php?rest_route=\/wp\/v2\/types\/post"}],"author":[{"embeddable":true,"href":"https:\/\/diarioregionaldigital.com.br\/index.php?rest_route=\/wp\/v2\/users\/96"}],"replies":[{"embeddable":true,"href":"https:\/\/diarioregionaldigital.com.br\/index.php?rest_route=%2Fwp%2Fv2%2Fcomments&post=128529"}],"version-history":[{"count":0,"href":"https:\/\/diarioregionaldigital.com.br\/index.php?rest_route=\/wp\/v2\/posts\/128529\/revisions"}],"wp:featuredmedia":[{"embeddable":true,"href":"https:\/\/diarioregionaldigital.com.br\/index.php?rest_route=\/wp\/v2\/media\/128418"}],"wp:attachment":[{"href":"https:\/\/diarioregionaldigital.com.br\/index.php?rest_route=%2Fwp%2Fv2%2Fmedia&parent=128529"}],"wp:term":[{"taxonomy":"category","embeddable":true,"href":"https:\/\/diarioregionaldigital.com.br\/index.php?rest_route=%2Fwp%2Fv2%2Fcategories&post=128529"},{"taxonomy":"post_tag","embeddable":true,"href":"https:\/\/diarioregionaldigital.com.br\/index.php?rest_route=%2Fwp%2Fv2%2Ftags&post=128529"}],"curies":[{"name":"wp","href":"https:\/\/api.w.org\/{rel}","templated":true}]}}