{"id":128518,"date":"2018-12-17T09:54:46","date_gmt":"2018-12-17T11:54:46","guid":{"rendered":"https:\/\/diarioregionaldigital.com.br\/?p=128518"},"modified":"2018-12-17T21:12:58","modified_gmt":"2018-12-17T23:12:58","slug":"semana-da-chegada-do-verao-comeca-com-maxima-de-35-c","status":"publish","type":"post","link":"https:\/\/diarioregionaldigital.com.br\/?p=128518","title":{"rendered":"Semana da chegada do ver\u00e3o come\u00e7a com m\u00e1xima de 35\u00b0 C"},"content":{"rendered":"<p>Na semana da chegada do ver\u00e3o a combina\u00e7\u00e3o sol e calor estar\u00e1 mais presente do que nunca em Juiz de Fora.\u00a0 Os term\u00f4metros, segundo dados do Instituto Nacional de Meteorologia (Inmet), podem registrar at\u00e9 35 graus nesta segunda-feira, 17. O forte calor tamb\u00e9m torna favor\u00e1vel a condi\u00e7\u00e3o de pancadas de chuva, mas elas devem ocorrer somente no final da tarde de hoje e na ter\u00e7a-feira, 18.<\/p>\n<p>As altas temperaturas se mant\u00eam at\u00e9 sexta-feira, 21, com m\u00ednimas de 19 e m\u00e1ximas de 33 graus. A umidade relativa do ar pode chegar a n\u00edveis inferiores a 40%, abaixo do ideal indicado pela Organiza\u00e7\u00e3o Mundial da Sa\u00fade (OMS). Por isso, \u00e9 importante que os juiz-foranos bebam bastante \u00e1gua e procurem se hidratar durante o dia.<\/p>\n<h3><strong>Um sol para cada um<br \/>\n<\/strong><\/h3>\n<p>O ver\u00e3o 2019 deve ter temperaturas acima da m\u00e9dia hist\u00f3rica no Brasil, segundo meteorologistas de todo o pa\u00eds.O superaquecimento \u00e9 decorr\u00eancia da forma\u00e7\u00e3o do fen\u00f4meno El Ni\u00f1o, fen\u00f4meno clim\u00e1tico que ocorre quando h\u00e1 o aquecimento das \u00e1guas superficiais da por\u00e7\u00e3o equatorial do Oceano Pac\u00edfico.O El Ni\u00f1o tamb\u00e9m causar\u00e1 impactos nas chuvas, podendo gerar temporais acima da m\u00e9dia.<\/p>\n<p>Com os term\u00f4metros nas alturas, a incid\u00eancia dos raios solares pode ser ainda mais prejudicial \u00e0 sa\u00fade, por isso os cuidados com a exposi\u00e7\u00e3o ao sol devem ser redobrados. Para isso, a dermatologista Maria Alice Moreira indica evitar tomar sol entre 10h e 16h, per\u00edodo em que os raios s\u00e3o mais fortes; utilizar \u00f3culos escuros e chap\u00e9us para proteger o rosto e o corpo da exposi\u00e7\u00e3o solar; usar sempre protetor solar com fator de prote\u00e7\u00e3o\u00a0 30 ou superior; e beber bastante \u00e1gua durante o dia. \u201cEssas s\u00e3o as medidas imprescind\u00edveis para passar o ver\u00e3o com tranquilidade e bem estar. Quem n\u00e3o d\u00e1 \u00e0 m\u00ednima para elas, certamente ter\u00e1 problemas com a sa\u00fade da pele e com a sa\u00fade geral tamb\u00e9m\u201d, alerta a m\u00e9dica.<\/p>\n<div id=\"attachment_128621\" style=\"width: 1034px\" class=\"wp-caption aligncenter\"><img loading=\"lazy\" decoding=\"async\" aria-describedby=\"caption-attachment-128621\" class=\"wp-image-128621\" src=\"https:\/\/diarioregionaldigital.com.br\/wp-content\/uploads\/2018\/12\/RAFAELA-FRUTUOSO-usar-essa-2-1-1024x683.jpg\" alt=\"\" width=\"1024\" height=\"683\" srcset=\"https:\/\/diarioregionaldigital.com.br\/wp-content\/uploads\/2018\/12\/RAFAELA-FRUTUOSO-usar-essa-2-1-1024x683.jpg 1024w, https:\/\/diarioregionaldigital.com.br\/wp-content\/uploads\/2018\/12\/RAFAELA-FRUTUOSO-usar-essa-2-1-300x200.jpg 300w, https:\/\/diarioregionaldigital.com.br\/wp-content\/uploads\/2018\/12\/RAFAELA-FRUTUOSO-usar-essa-2-1-768x512.jpg 768w, https:\/\/diarioregionaldigital.com.br\/wp-content\/uploads\/2018\/12\/RAFAELA-FRUTUOSO-usar-essa-2-1-360x240.jpg 360w\" sizes=\"auto, (max-width: 1024px) 100vw, 1024px\" \/><p id=\"caption-attachment-128621\" class=\"wp-caption-text\">Foto: Rafaela Frutuoso.<\/p><\/div>\n<h3><strong>Pragas Urbanas no Ver\u00e3o<br \/>\n<\/strong><\/h3>\n<p>Com a chegada da esta\u00e7\u00e3o mais quente do ano, a popula\u00e7\u00e3o precisa ficar atenta tamb\u00e9m \u00e0s chamadas pragas urbanas, como escorpi\u00f5es e caramujos, que utilizam o per\u00edodo de calor e chuvas para se proliferarem com mais facilidade.<\/p>\n<p>S\u00f3 nos primeiros quatro dias de dezembro, o Setor de Zoonoses da Secretaria de Sa\u00fade (SS) da Prefeitura de Juiz de Fora (PJF), recebeu mais de 40 chamadas para orienta\u00e7\u00e3o sobre caramujos e escorpi\u00f5es.<\/p>\n<p>Os profissionais do setor visitam as casas e orientam a popula\u00e7\u00e3o, fazendo uso de inseticidas sempre que indicados. Mas a popula\u00e7\u00e3o pode tomar medidas simples para evitar problemas com os insetos. No caso dos caramujos \u00e9 indicado n\u00e3o consumir e nem tocar no animal. Frutas e legumes devem ficar de molho por 30 minutos em uma mistura de \u00e1gua sanit\u00e1ria e um litro de \u00e1gua, para serem higienizadas caso tenham tido contato com o inseto ou os ovos dele.<\/p>\n<p>J\u00e1 para evitar o aparecimento de escorpi\u00f5es, \u00e9 indicado fazer a destina\u00e7\u00e3o correta do lixo, dar manuten\u00e7\u00e3o em lotes vagos, terrenos baldios e quintais das resid\u00eancias, al\u00e9m de eliminar todos os objetos que possam servir de abrigos para os animais. Sacudir os sapatos sempre que for cal\u00e7ar \u00e9 uma medida importante.Cuidado tamb\u00e9m ao utilizar banheiros \u00e0 noite, uma vez que escorpi\u00f5es s\u00e3o de h\u00e1bito noturno e normalmente entram nas resid\u00eancias atrav\u00e9s de ralos desprotegidos, vindos de tubula\u00e7\u00f5es de redes de esgoto.<\/p>\n<p>Outra preocupa\u00e7\u00e3o \u00e9 a prolifera\u00e7\u00e3o do mosquito Aedes aegypti, que apesar de pequeno tem o grande potencial de transmitir v\u00e1rias doen\u00e7as perigosas: dengue, chicungunha, zika e febre amarela. \u00c9 preciso ficar atento aos locais onde possa haver \u00e1gua parada, como pneus, latas, pl\u00e1sticos em geral, piscinas n\u00e3o tratadas, caixas-d\u2019\u00e1gua abertas, entre outros. Esses espa\u00e7os s\u00e3o excelentes criadouro para o mosquito, logo, precisam ser eliminados.<\/p>\n<p>A popula\u00e7\u00e3o tamb\u00e9m pode ajudar ligando para o setor de Zoonoses, atrav\u00e9s do telefone 3690-7030.<\/p>\n<p>&nbsp;<\/p>\n","protected":false},"excerpt":{"rendered":"<p>Na semana da chegada do ver\u00e3o a combina\u00e7\u00e3o sol e calor estar\u00e1 mais presente do que nunca em Juiz de Fora.\u00a0 Os term\u00f4metros, segundo dados do Instituto Nacional de Meteorologia (Inmet), podem registrar at\u00e9 35 graus nesta segunda-feira, 17. O forte calor tamb\u00e9m torna favor\u00e1vel a condi\u00e7\u00e3o de pancadas de chuva, mas elas devem ocorrer [&hellip;]<\/p>\n","protected":false},"author":96,"featured_media":128619,"comment_status":"closed","ping_status":"closed","sticky":false,"template":"","format":"standard","meta":{"footnotes":""},"categories":[253,436,440,439],"tags":[],"class_list":["post-128518","post","type-post","status-publish","format-standard","has-post-thumbnail","hentry","category-cidade","category-destaque-da-semana","category-destaques-do-dia","category-ultima-hora"],"_links":{"self":[{"href":"https:\/\/diarioregionaldigital.com.br\/index.php?rest_route=\/wp\/v2\/posts\/128518","targetHints":{"allow":["GET"]}}],"collection":[{"href":"https:\/\/diarioregionaldigital.com.br\/index.php?rest_route=\/wp\/v2\/posts"}],"about":[{"href":"https:\/\/diarioregionaldigital.com.br\/index.php?rest_route=\/wp\/v2\/types\/post"}],"author":[{"embeddable":true,"href":"https:\/\/diarioregionaldigital.com.br\/index.php?rest_route=\/wp\/v2\/users\/96"}],"replies":[{"embeddable":true,"href":"https:\/\/diarioregionaldigital.com.br\/index.php?rest_route=%2Fwp%2Fv2%2Fcomments&post=128518"}],"version-history":[{"count":0,"href":"https:\/\/diarioregionaldigital.com.br\/index.php?rest_route=\/wp\/v2\/posts\/128518\/revisions"}],"wp:featuredmedia":[{"embeddable":true,"href":"https:\/\/diarioregionaldigital.com.br\/index.php?rest_route=\/wp\/v2\/media\/128619"}],"wp:attachment":[{"href":"https:\/\/diarioregionaldigital.com.br\/index.php?rest_route=%2Fwp%2Fv2%2Fmedia&parent=128518"}],"wp:term":[{"taxonomy":"category","embeddable":true,"href":"https:\/\/diarioregionaldigital.com.br\/index.php?rest_route=%2Fwp%2Fv2%2Fcategories&post=128518"},{"taxonomy":"post_tag","embeddable":true,"href":"https:\/\/diarioregionaldigital.com.br\/index.php?rest_route=%2Fwp%2Fv2%2Ftags&post=128518"}],"curies":[{"name":"wp","href":"https:\/\/api.w.org\/{rel}","templated":true}]}}