{"id":128509,"date":"2018-12-17T08:21:14","date_gmt":"2018-12-17T10:21:14","guid":{"rendered":"https:\/\/diarioregionaldigital.com.br\/?p=128509"},"modified":"2018-12-17T08:21:14","modified_gmt":"2018-12-17T10:21:14","slug":"homem-e-encontrado-com-sete-perfuracoes-no-corpo-no-bairro-ipiranga","status":"publish","type":"post","link":"https:\/\/diarioregionaldigital.com.br\/?p=128509","title":{"rendered":"Homem \u00e9 encontrado com sete perfura\u00e7\u00f5es no corpo no bairro Ipiranga"},"content":{"rendered":"<p>Na manh\u00e3 desse domingo, 16, a Pol\u00edcia Militar (PM) encontrou um homem, de 30 anos, com diversas perfura\u00e7\u00f5es no corpo na Rua Doutor Costa Reis, no bairro Ipiranga, na zona Sul de Juiz de Fora.<\/p>\n<p>De acordo com os policiais, que chegaram ao local por volta de 6h, a v\u00edtima estava ca\u00edda na cal\u00e7ada, apresentava les\u00f5es causadas por faca e intensa hemorragia. O homem foi socorrido e levado para o Hospital de Pronto Socorro Dr Mozart Teixeira (HPS), no Centro. Segundo a equipe m\u00e9dica, ele apresentou sete perfura\u00e7\u00f5es no corpo nas regi\u00f5es da nuca, t\u00f3rax, bra\u00e7os e pernas. A v\u00edtima permanece internada.<\/p>\n<p>At\u00e9 agora, n\u00e3o h\u00e1 nenhuma testemunha ou informa\u00e7\u00f5es sobre autor. A PM ir\u00e1 investigar o caso.<\/p>\n","protected":false},"excerpt":{"rendered":"<p>Na manh\u00e3 desse domingo, 16, a Pol\u00edcia Militar (PM) encontrou um homem, de 30 anos, com diversas perfura\u00e7\u00f5es no corpo na Rua Doutor Costa Reis, no bairro Ipiranga, na zona Sul de Juiz de Fora. De acordo com os policiais, que chegaram ao local por volta de 6h, a v\u00edtima estava ca\u00edda na cal\u00e7ada, apresentava [&hellip;]<\/p>\n","protected":false},"author":96,"featured_media":95836,"comment_status":"closed","ping_status":"closed","sticky":false,"template":"","format":"standard","meta":{"footnotes":""},"categories":[301],"tags":[],"class_list":["post-128509","post","type-post","status-publish","format-standard","has-post-thumbnail","hentry","category-artigos-policiais"],"_links":{"self":[{"href":"https:\/\/diarioregionaldigital.com.br\/index.php?rest_route=\/wp\/v2\/posts\/128509","targetHints":{"allow":["GET"]}}],"collection":[{"href":"https:\/\/diarioregionaldigital.com.br\/index.php?rest_route=\/wp\/v2\/posts"}],"about":[{"href":"https:\/\/diarioregionaldigital.com.br\/index.php?rest_route=\/wp\/v2\/types\/post"}],"author":[{"embeddable":true,"href":"https:\/\/diarioregionaldigital.com.br\/index.php?rest_route=\/wp\/v2\/users\/96"}],"replies":[{"embeddable":true,"href":"https:\/\/diarioregionaldigital.com.br\/index.php?rest_route=%2Fwp%2Fv2%2Fcomments&post=128509"}],"version-history":[{"count":0,"href":"https:\/\/diarioregionaldigital.com.br\/index.php?rest_route=\/wp\/v2\/posts\/128509\/revisions"}],"wp:featuredmedia":[{"embeddable":true,"href":"https:\/\/diarioregionaldigital.com.br\/index.php?rest_route=\/wp\/v2\/media\/95836"}],"wp:attachment":[{"href":"https:\/\/diarioregionaldigital.com.br\/index.php?rest_route=%2Fwp%2Fv2%2Fmedia&parent=128509"}],"wp:term":[{"taxonomy":"category","embeddable":true,"href":"https:\/\/diarioregionaldigital.com.br\/index.php?rest_route=%2Fwp%2Fv2%2Fcategories&post=128509"},{"taxonomy":"post_tag","embeddable":true,"href":"https:\/\/diarioregionaldigital.com.br\/index.php?rest_route=%2Fwp%2Fv2%2Ftags&post=128509"}],"curies":[{"name":"wp","href":"https:\/\/api.w.org\/{rel}","templated":true}]}}