{"id":128451,"date":"2018-12-15T13:07:01","date_gmt":"2018-12-15T15:07:01","guid":{"rendered":"https:\/\/diarioregionaldigital.com.br\/?p=128451"},"modified":"2018-12-15T13:07:01","modified_gmt":"2018-12-15T15:07:01","slug":"prf-inicia-a-operacao-rodovida-nas-estradas-brasileiras","status":"publish","type":"post","link":"https:\/\/diarioregionaldigital.com.br\/?p=128451","title":{"rendered":"PRF inicia a Opera\u00e7\u00e3o Rodovida nas estradas brasileiras"},"content":{"rendered":"<div class=\"\">\n<div id=\"content\">\n<article>\n<div id=\"content-core\">\n<div id=\"parent-fieldname-text\" class=\"\">\n<div>\n<p dir=\"ltr\">A Pol\u00edcia Rodovi\u00e1ria Federal (PRF) iniciou, na \u00faltima sexta-feira, 14, a Opera\u00e7\u00e3o Integrada Rodovida 2018\/2019, uma for\u00e7a-tarefa do governo federal comandada pela PRF com participa\u00e7\u00e3o da Presid\u00eancia da Rep\u00fablica, da Casa Civil e dos minist\u00e9rios das Cidades, da Sa\u00fade e dos Transportes.<\/p>\n<p dir=\"ltr\">A Opera\u00e7\u00e3o Rodovida vai ocorrer em dois per\u00edodos nos quais costuma haver aumento do fluxo de ve\u00edculos e passageiros nas rodovias federais. O primeiro compreende as f\u00e9rias escolares, Natal e Ano Novo. As a\u00e7\u00f5es que tiveram in\u00edcio ontem v\u00e3o at\u00e9 31 de janeiro. O segundo per\u00edodo \u00e9 o do Carnaval. A atua\u00e7\u00e3o da PRF ser\u00e1 intensificada entre 22 de fevereiro e 9 de mar\u00e7o de 2019.<\/p>\n<h3>Consci\u00eancia e fiscaliza\u00e7\u00e3o<\/h3>\n<p dir=\"ltr\">A Opera\u00e7\u00e3o Rodovida consiste, de forma resumida, em per\u00edodos de fiscaliza\u00e7\u00e3o intensificada, com o intuito de coibir pr\u00e1ticas perigosas nas rodovias. Isso vale, de modo especial, para ultrapassagens irregulares, excesso de velocidade, consumo de \u00e1lcool, atropelamento de pedestres e tr\u00e2nsito irregular de motocicletas. Paralelamente, o Minist\u00e9rio da Justi\u00e7a e os outros \u00f3rg\u00e3os participantes promover\u00e3o campanhas publicit\u00e1rias de conscientiza\u00e7\u00e3o em todo o Brasil.<\/p>\n<p dir=\"ltr\">\u201cA Pol\u00edcia Rodovi\u00e1ria Federal est\u00e1 engajada tamb\u00e9m no Programa da Organiza\u00e7\u00e3o das Na\u00e7\u00f5es Unidas (ONU), D\u00e9cada Mundial de Seguran\u00e7a no Tr\u00e2nsito 2011-2020, cuja meta priorit\u00e1ria \u00e9 reduzir em 50% o n\u00famero de mortos e de feridos em decorr\u00eancia de acidentes de tr\u00e2nsito, recepcionado pelo governo brasileiro em maio de 2011, por interm\u00e9dio do Pacto Nacional pela Redu\u00e7\u00e3o de Acidentes no Tr\u00e2nsito (Pacto pela Vida)\u201d, informou, em nota, a PRF.<\/p>\n<p dir=\"ltr\"><span class=\"discreet\">Fonte: Governo do Brasil, com informa\u00e7\u00f5es da\u00a0<a href=\"https:\/\/www.prf.gov.br\/\" target=\"_blank\" rel=\"noopener\">PRF<\/a><\/span><\/p>\n<\/div>\n<\/div>\n<\/div>\n<div class=\"visualClear\"><\/div>\n<div class=\"documentActions\"><\/div>\n<\/article>\n<\/div>\n<\/div>\n<div id=\"viewlet-below-content\"><\/div>\n","protected":false},"excerpt":{"rendered":"<p>A Pol\u00edcia Rodovi\u00e1ria Federal (PRF) iniciou, na \u00faltima sexta-feira, 14, a Opera\u00e7\u00e3o Integrada Rodovida 2018\/2019, uma for\u00e7a-tarefa do governo federal comandada pela PRF com participa\u00e7\u00e3o da Presid\u00eancia da Rep\u00fablica, da Casa Civil e dos minist\u00e9rios das Cidades, da Sa\u00fade e dos Transportes. A Opera\u00e7\u00e3o Rodovida vai ocorrer em dois per\u00edodos nos quais costuma haver aumento [&hellip;]<\/p>\n","protected":false},"author":96,"featured_media":128452,"comment_status":"closed","ping_status":"closed","sticky":false,"template":"","format":"standard","meta":{"footnotes":""},"categories":[302,436,440,439],"tags":[],"class_list":["post-128451","post","type-post","status-publish","format-standard","has-post-thumbnail","hentry","category-brasil-mundo","category-destaque-da-semana","category-destaques-do-dia","category-ultima-hora"],"_links":{"self":[{"href":"https:\/\/diarioregionaldigital.com.br\/index.php?rest_route=\/wp\/v2\/posts\/128451","targetHints":{"allow":["GET"]}}],"collection":[{"href":"https:\/\/diarioregionaldigital.com.br\/index.php?rest_route=\/wp\/v2\/posts"}],"about":[{"href":"https:\/\/diarioregionaldigital.com.br\/index.php?rest_route=\/wp\/v2\/types\/post"}],"author":[{"embeddable":true,"href":"https:\/\/diarioregionaldigital.com.br\/index.php?rest_route=\/wp\/v2\/users\/96"}],"replies":[{"embeddable":true,"href":"https:\/\/diarioregionaldigital.com.br\/index.php?rest_route=%2Fwp%2Fv2%2Fcomments&post=128451"}],"version-history":[{"count":0,"href":"https:\/\/diarioregionaldigital.com.br\/index.php?rest_route=\/wp\/v2\/posts\/128451\/revisions"}],"wp:featuredmedia":[{"embeddable":true,"href":"https:\/\/diarioregionaldigital.com.br\/index.php?rest_route=\/wp\/v2\/media\/128452"}],"wp:attachment":[{"href":"https:\/\/diarioregionaldigital.com.br\/index.php?rest_route=%2Fwp%2Fv2%2Fmedia&parent=128451"}],"wp:term":[{"taxonomy":"category","embeddable":true,"href":"https:\/\/diarioregionaldigital.com.br\/index.php?rest_route=%2Fwp%2Fv2%2Fcategories&post=128451"},{"taxonomy":"post_tag","embeddable":true,"href":"https:\/\/diarioregionaldigital.com.br\/index.php?rest_route=%2Fwp%2Fv2%2Ftags&post=128451"}],"curies":[{"name":"wp","href":"https:\/\/api.w.org\/{rel}","templated":true}]}}