{"id":128443,"date":"2018-12-15T07:45:28","date_gmt":"2018-12-15T09:45:28","guid":{"rendered":"https:\/\/diarioregionaldigital.com.br\/?p=128443"},"modified":"2018-12-15T13:15:35","modified_gmt":"2018-12-15T15:15:35","slug":"ufjf-capta-r-2-milhoes-para-investimento-em-pesquisas","status":"publish","type":"post","link":"https:\/\/diarioregionaldigital.com.br\/?p=128443","title":{"rendered":"UFJF capta R$ 2 milh\u00f5es para investimento em pesquisas"},"content":{"rendered":"<section id=\"content\" class=\"content \">\n<article id=\"post-45255\" class=\"post-45255 post type-post status-publish format-standard has-post-thumbnail hentry category-pesquisa-inovacao tag-anderson-bastos-martins tag-chamada-universal tag-cnpq tag-destaque-noticias tag-destaque-portal tag-janaina-goncalves-de-oliveira tag-marcone-augusto-leal-de-oliveira tag-pesquisa tag-rossana-correa-netto-de-melo\">\n<div class=\"post-content\">\n<p>A Universidade Federal de Juiz de Fora (UFJF) obteve a aprova\u00e7\u00e3o de 38 propostas de pesquisa submetidas \u00e0 Chamada Universal 2018 do Conselho Nacional de Desenvolvimento Cient\u00edfico e Tecnol\u00f3gico (CNPq). No total, foram captados mais de R$ 2 milh\u00f5es em investimentos. O CNPq divulgou recentemente o resultado da chamada do edital que conta\u00a0com um total de R$ 200 milh\u00f5es a serem liberados para projetos de pesquisa cient\u00edfica, tecnol\u00f3gica e de inova\u00e7\u00e3o de todas as \u00e1reas do conhecimento.<\/p>\n<p>Com a aprova\u00e7\u00e3o de 38 projetos, a UFJF supera o edital anterior, com 14 propostas aprovadas a mais. As pesquisas ter\u00e3o o valor m\u00e1ximo de financiamento de acordo com a faixa na qual foram alocadas, sendo faixa A at\u00e9 R$ 30 mil em recursos, faixa B at\u00e9 R$ 60 mil e faixa C at\u00e9 R$ 120 mil.<\/p>\n<p>A faixa A foi a que mais deteve propostas aprovadas por pesquisadores da UFJF, totalizando 20. Uma delas \u00e9 de autoria da professora da Faculdade de Engenharia El\u00e9trica, Jana\u00edna Gon\u00e7alves de Oliveira, intitulada \u201cDesenvolvimento e Implementa\u00e7\u00e3o de uma microrrede h\u00edbrida (CA\/CC) no Campus da Faculdade de Engenharia \u2013 UFJF\u201d. Segundo a proposta, uma das grandes vantagens de se trabalhar com microrredes est\u00e1 na possibilidade de testar dispositivos e controles necess\u00e1rios para o desenvolvimento de redes el\u00e9tricas inteligentes, com menor risco e custo associado. Para a pesquisadora os valores obtidos s\u00e3o essenciais para dar os primeiros passos no projeto. \u201cPor possuir um car\u00e1ter ainda muito experimental, todos os recursos ser\u00e3o utilizados para a compra dos equipamentos necess\u00e1rios \u00e0 montagem da microrede, como inversores, sistemas de medi\u00e7\u00e3o de cargas controladas e sistemas de controle, por exemplo\u201d, explica.<\/p>\n<p>Com o projeto \u201cDesenvolvimento e otimiza\u00e7\u00e3o de novas metodologias por t\u00e9cnicas de eletromigra\u00e7\u00e3o, cromatogr\u00e1ficas e preparo de novas fases estacion\u00e1rios monol\u00edticas para aplica\u00e7\u00e3o em sistemas anal\u00edticos e bioanal\u00edticos\u201d aprovado na faixa B, o professor do departamento de Qu\u00edmica, Marcone Augusto Leal de Oliveira, pretende desenvolver m\u00e9todos novos ou alternativos para detec\u00e7\u00e3o de elementos qu\u00edmicos, por t\u00e9cnicas de an\u00e1lise, objetivando a aplica\u00e7\u00e3o em diversas \u00e1reas do conhecimento, como alimentos, metabol\u00f4mica, biocombust\u00edveis, energia, ambiental, farmac\u00eautica, diagn\u00f3stico cl\u00ednico, entre outras.<\/p>\n<p>Um dos exemplos das aplica\u00e7\u00f5es pr\u00e1ticas do conceito \u00e9 a possibilidade de desenvolvimento de m\u00e9todos para a detec\u00e7\u00e3o de subst\u00e2ncias que, em grandes quantidades, podem causar efeitos nocivos \u00e0 sa\u00fade, como \u00e1cidos graxos trans em alimentos. Segundo o acad\u00eamico, os investimentos obtidos ser\u00e3o utilizados para manuten\u00e7\u00e3o da estrutura necess\u00e1ria para o desenvolvimento do estudo. \u201cOs recursos ser\u00e3o destinados \u00e0 compra de insumos padr\u00f5es e reagentes, assim como para manter a infraestrutura m\u00ednima necess\u00e1ria e a aquisi\u00e7\u00e3o de novos dispositivos inerentes \u00e0s atividades de pesquisa\u201d, explica.<\/p>\n<p>Outra proposta aprovada na segunda faixa \u00e9 a do professor da Faculdade de Letras, Anderson Bastos Martins, intitulada \u201cFronteiras Seculares: p\u00f3s-colonialidade, globaliza\u00e7\u00e3o e cosmopolitismo na fic\u00e7\u00e3o contempor\u00e2nea\u201d. A pesquisa tem como base a compara\u00e7\u00e3o entre duas gera\u00e7\u00f5es de escritores de l\u00edngua inglesa pertencentes a uma \u201cperiferia p\u00f3s-colonial\u201d, ex-col\u00f4nias europeias que se tornaram independentes no s\u00e9culo XX.<\/p>\n<p>Segundo Martins, o principal objetivo do estudo \u00e9 a compreens\u00e3o por meio dos estudos liter\u00e1rios de como foi feita a constru\u00e7\u00e3o do imagin\u00e1rio de na\u00e7\u00e3o por diferentes gera\u00e7\u00f5es de autores, como Nadine Gordimer (1923- 2014) , Salman Rushdie (1947), Mohsin Hamid (1971) e Chimamanda Ngozi Adichie (1977). \u201cO trabalho exige uma grande pesquisa bibliogr\u00e1fica. A verba ser\u00e1 utilizada para a aquisi\u00e7\u00e3o desse material bibliogr\u00e1fico e, se poss\u00edvel, de um computador para ser utilizado pela equipe. Pretendo utilizar os recursos de custeio para participar de congressos e discutir o projeto\u201d, pontua.<\/p>\n<p>Uma das seis propostas aprovadas na faixa C por pesquisadores da UFJF \u00e9 a da professora de biologia celular, Rossana Correa Netto de Melo. O projeto \u201cEosin\u00f3filos: respostas funcionais em modelos experimentais e doen\u00e7as eosinof\u00edlicas humanas\u201d tem como objetivo investigar diferentes aspectos estruturais e funcionais de eosin\u00f3filos, um tipo de c\u00e9lula de defesa do sangue, com m\u00faltiplas fun\u00e7\u00f5es na sa\u00fade e em doen\u00e7as humanas, \u00a0como alergias e esquistossomose mansoni, problemas frequentes de sa\u00fade p\u00fablica.<\/p>\n<p>Segundo a cientista, a pesquisa \u00e9 da \u00e1rea b\u00e1sica, sendo um ponto de partida para desenvolver tratamentos dessas patologias. O estudo conta com colabora\u00e7\u00e3o internacional. \u201cJunto ao nosso grupo de pesquisa, temos a parceria de dois outros grupos dos Estados Unidos, um do Jap\u00e3o e v\u00e1rios outros brasileiros. Essa coopera\u00e7\u00e3o intensa para o entendimento dessas doen\u00e7as \u00e9 o que pode gerar melhorias em terapias\u201d, explica. Ainda conforme Rossana, os recursos obtidos por meio do edital ser\u00e3o utilizados para a aquisi\u00e7\u00e3o de equipamentos, para o pagamento de terceiros que colaboram com a pesquisa e principalmente para o custeio da aquisi\u00e7\u00e3o de reagentes necess\u00e1rios para o estudo.<\/p>\n<p>Para a pr\u00f3-reitora de P\u00f3s-gradua\u00e7\u00e3o e Pesquisa, M\u00f4nica Ribeiro de Oliveira, a aprova\u00e7\u00e3o dos projetos \u00e9 ind\u00edcio da qualidade dos trabalhos desenvolvidos na institui\u00e7\u00e3o. \u201c\u00c9 fundamental a capta\u00e7\u00e3o de recursos por meio de ag\u00eancias de fomento, pois d\u00e3o autonomia ao pesquisador para investir no que for necess\u00e1rio ao projeto. Atualmente vivemos um per\u00edodo de muitos cortes na ci\u00eancia e captar recursos \u00e9 motivo de orgulho e um reconhecimento da qualidade da pesquisa desenvolvida na UFJF\u201d, avalia.<\/p>\n<p>Fonte: UFJF<\/p>\n<\/div>\n<\/article>\n<\/section>\n","protected":false},"excerpt":{"rendered":"<p>A Universidade Federal de Juiz de Fora (UFJF) obteve a aprova\u00e7\u00e3o de 38 propostas de pesquisa submetidas \u00e0 Chamada Universal 2018 do Conselho Nacional de Desenvolvimento Cient\u00edfico e Tecnol\u00f3gico (CNPq). No total, foram captados mais de R$ 2 milh\u00f5es em investimentos. O CNPq divulgou recentemente o resultado da chamada do edital que conta\u00a0com um total [&hellip;]<\/p>\n","protected":false},"author":96,"featured_media":0,"comment_status":"closed","ping_status":"closed","sticky":false,"template":"","format":"standard","meta":{"footnotes":""},"categories":[253,436,440,439],"tags":[],"class_list":["post-128443","post","type-post","status-publish","format-standard","hentry","category-cidade","category-destaque-da-semana","category-destaques-do-dia","category-ultima-hora"],"_links":{"self":[{"href":"https:\/\/diarioregionaldigital.com.br\/index.php?rest_route=\/wp\/v2\/posts\/128443","targetHints":{"allow":["GET"]}}],"collection":[{"href":"https:\/\/diarioregionaldigital.com.br\/index.php?rest_route=\/wp\/v2\/posts"}],"about":[{"href":"https:\/\/diarioregionaldigital.com.br\/index.php?rest_route=\/wp\/v2\/types\/post"}],"author":[{"embeddable":true,"href":"https:\/\/diarioregionaldigital.com.br\/index.php?rest_route=\/wp\/v2\/users\/96"}],"replies":[{"embeddable":true,"href":"https:\/\/diarioregionaldigital.com.br\/index.php?rest_route=%2Fwp%2Fv2%2Fcomments&post=128443"}],"version-history":[{"count":0,"href":"https:\/\/diarioregionaldigital.com.br\/index.php?rest_route=\/wp\/v2\/posts\/128443\/revisions"}],"wp:attachment":[{"href":"https:\/\/diarioregionaldigital.com.br\/index.php?rest_route=%2Fwp%2Fv2%2Fmedia&parent=128443"}],"wp:term":[{"taxonomy":"category","embeddable":true,"href":"https:\/\/diarioregionaldigital.com.br\/index.php?rest_route=%2Fwp%2Fv2%2Fcategories&post=128443"},{"taxonomy":"post_tag","embeddable":true,"href":"https:\/\/diarioregionaldigital.com.br\/index.php?rest_route=%2Fwp%2Fv2%2Ftags&post=128443"}],"curies":[{"name":"wp","href":"https:\/\/api.w.org\/{rel}","templated":true}]}}