{"id":128441,"date":"2018-12-15T07:36:04","date_gmt":"2018-12-15T09:36:04","guid":{"rendered":"https:\/\/diarioregionaldigital.com.br\/?p=128441"},"modified":"2018-12-15T07:36:04","modified_gmt":"2018-12-15T09:36:04","slug":"homem-e-preso-por-cobrar-taxa-de-estacionamento-em-via-publica-de-juiz-de-fora","status":"publish","type":"post","link":"https:\/\/diarioregionaldigital.com.br\/?p=128441","title":{"rendered":"Homem \u00e9 preso por cobrar taxa de estacionamento em via p\u00fablica de Juiz de Fora"},"content":{"rendered":"<p>Nessa sexta-feira, 14, a Pol\u00edcia Militar prendeu um homem, 34, por exerc\u00edcio ilegal da profiss\u00e3o. O autor atuava no bairro S\u00e3o Mateus, na zona Sul de Juiz de Fora cobrando taxas de propriet\u00e1rios de carros que estacionavam carros na \u00e1rea &#8220;gerenciada&#8221; por ele.<\/p>\n<p>Um motorista, 30 anos, tentou estacionar o ve\u00edculo na Avenida Itamar Franco, pr\u00f3ximo \u00e0 esquina com a Rua Padre Caf\u00e9, nessa sexta-feira, mas foi alertado pelo autor que precisaria pagar para deixar o carro no local.<\/p>\n<p>Segundo a Pol\u00edcia Militar a v\u00edtima relatou que tentou dialogar com o homem, mas ele apresentava sinais de embriaguez e estava bastante agressivo.<\/p>\n<p>Os policiais militares foram acionados e ao chegarem ao local o autor confirmou que vigia carros naquela \u00e1rea. O homem foi preso e encaminhado \u00e0 delegacia.<\/p>\n","protected":false},"excerpt":{"rendered":"<p>Nessa sexta-feira, 14, a Pol\u00edcia Militar prendeu um homem, 34, por exerc\u00edcio ilegal da profiss\u00e3o. O autor atuava no bairro S\u00e3o Mateus, na zona Sul de Juiz de Fora cobrando taxas de propriet\u00e1rios de carros que estacionavam carros na \u00e1rea &#8220;gerenciada&#8221; por ele. Um motorista, 30 anos, tentou estacionar o ve\u00edculo na Avenida Itamar Franco, [&hellip;]<\/p>\n","protected":false},"author":96,"featured_media":95836,"comment_status":"closed","ping_status":"closed","sticky":false,"template":"","format":"standard","meta":{"footnotes":""},"categories":[301],"tags":[],"class_list":["post-128441","post","type-post","status-publish","format-standard","has-post-thumbnail","hentry","category-artigos-policiais"],"_links":{"self":[{"href":"https:\/\/diarioregionaldigital.com.br\/index.php?rest_route=\/wp\/v2\/posts\/128441","targetHints":{"allow":["GET"]}}],"collection":[{"href":"https:\/\/diarioregionaldigital.com.br\/index.php?rest_route=\/wp\/v2\/posts"}],"about":[{"href":"https:\/\/diarioregionaldigital.com.br\/index.php?rest_route=\/wp\/v2\/types\/post"}],"author":[{"embeddable":true,"href":"https:\/\/diarioregionaldigital.com.br\/index.php?rest_route=\/wp\/v2\/users\/96"}],"replies":[{"embeddable":true,"href":"https:\/\/diarioregionaldigital.com.br\/index.php?rest_route=%2Fwp%2Fv2%2Fcomments&post=128441"}],"version-history":[{"count":0,"href":"https:\/\/diarioregionaldigital.com.br\/index.php?rest_route=\/wp\/v2\/posts\/128441\/revisions"}],"wp:featuredmedia":[{"embeddable":true,"href":"https:\/\/diarioregionaldigital.com.br\/index.php?rest_route=\/wp\/v2\/media\/95836"}],"wp:attachment":[{"href":"https:\/\/diarioregionaldigital.com.br\/index.php?rest_route=%2Fwp%2Fv2%2Fmedia&parent=128441"}],"wp:term":[{"taxonomy":"category","embeddable":true,"href":"https:\/\/diarioregionaldigital.com.br\/index.php?rest_route=%2Fwp%2Fv2%2Fcategories&post=128441"},{"taxonomy":"post_tag","embeddable":true,"href":"https:\/\/diarioregionaldigital.com.br\/index.php?rest_route=%2Fwp%2Fv2%2Ftags&post=128441"}],"curies":[{"name":"wp","href":"https:\/\/api.w.org\/{rel}","templated":true}]}}