{"id":128439,"date":"2018-12-15T07:17:40","date_gmt":"2018-12-15T09:17:40","guid":{"rendered":"https:\/\/diarioregionaldigital.com.br\/?p=128439"},"modified":"2018-12-15T07:17:40","modified_gmt":"2018-12-15T09:17:40","slug":"lula-vira-reu-em-caso-de-guine-equatorial","status":"publish","type":"post","link":"https:\/\/diarioregionaldigital.com.br\/?p=128439","title":{"rendered":"Lula vira r\u00e9u em caso de Guin\u00e9 Equatorial"},"content":{"rendered":"<p>A Justi\u00e7a Federal recebeu nessa sexta-feira, 14, den\u00fancia do Minist\u00e9rio P\u00fablico Federal (MPF) contra o ex-presidente Luiz In\u00e1cio Lula da Silva, na qual se tornou r\u00e9u por lavagem de dinheiro porque teria recebido R$ 1 milh\u00e3o do grupo brasileiro ARG. Os valores teriam sido dissimulados na forma de doa\u00e7\u00e3o ao Instituto Lula.<\/p>\n<p>De acordo com o MPF, o pagamento teria sido feito depois que o ex-presidente influiu em decis\u00f5es do presidente da Guin\u00e9 Equatorial, Teodoro Obiang, as quais resultaram na amplia\u00e7\u00e3o dos neg\u00f3cios da empresa no pa\u00eds africano. A den\u00fancia foi apresentada em novembro pela For\u00e7a-Tarefa da Opera\u00e7\u00e3o Lava Jato em S\u00e3o Paulo.<\/p>\n<p>\u201cA abertura de uma nova a\u00e7\u00e3o penal contra Lula com base em acusa\u00e7\u00e3o fr\u00edvola e desprovida de suporte probat\u00f3rio m\u00ednimo \u00e9 mais um passo da persegui\u00e7\u00e3o que vem sendo praticada contra o ex-presidente com o objetivo de impedir sua atua\u00e7\u00e3o pol\u00edtica por meio da m\u00e1 utiliza\u00e7\u00e3o das leis e dos procedimentos jur\u00eddicos (lawfare)\u201d, disse, em nota, o advogado de Lula, Cristiano Zanin Martins.<\/p>\n<p>Tamb\u00e9m responder\u00e1 ao processo o controlador do grupo ARG, Rodolfo Giannetti Geo, que foi denunciado por lavagem de dinheiro e tr\u00e1fico de influ\u00eancia em transa\u00e7\u00e3o comercial internacional. Os fatos, segundo a den\u00fancia, ocorreram entre setembro de 2011 e junho de 2012. Como Lula tem mais de 70 anos, o crime de tr\u00e1fico de influ\u00eancia prescreveu em rela\u00e7\u00e3o a ele, mas n\u00e3o para o empres\u00e1rio.<\/p>\n<h2>Den\u00fancia<\/h2>\n<p>O MPF se baseou em e-mails encontrados ap\u00f3s busca e apreens\u00e3o realizada no Instituto Lula em mar\u00e7o de 2016 durante a Opera\u00e7\u00e3o Aletheia, 24\u00aa fase da Opera\u00e7\u00e3o Lava Jato de Curitiba. Segundo o MPF, o ex-ministro do Desenvolvimento do governo Lula Miguel Jorge comunicou \u00e0 Clara Ant, diretora do Instituto Lula, que o ex-presidente havia dito a ele que gostaria de falar com Geo sobre o trabalho da ARG na Guin\u00e9 Equatorial. Segundo o ex-ministro informava no e-mail, a empresa estava disposta a fazer uma contribui\u00e7\u00e3o financeira ao Instituto Lula.<\/p>\n<p>Em maio de 2012, Geo encaminhou para Clara Ant, por e-mail, uma carta digitalizada de Teodoro Obiang para Lula e pediu que fosse agendada uma data para encontrar o ex-presidente e lhe entregar a original. Geo disse tamb\u00e9m que voltaria \u00e0 Guin\u00e9 Equatorial em 20 de maio e que gostaria de levar a resposta de Lula a Obiang.<\/p>\n<p>O ex-presidente escreveu uma carta a Obiang, datada de 21 de maio de 2012, em que mencionava um telefonema entre ambos e sua cren\u00e7a no fato de que a Guin\u00e9 Equatorial poderia ingressar, futuramente, na Comunidade dos Pa\u00edses de L\u00edngua Portuguesa. No mesmo documento, Lula informava que Rodolfo Geo dirigia a ARG, \u201cempresa que j\u00e1 desde 2007 se familiarizou com a Guin\u00e9 Equatorial, destacando-se na constru\u00e7\u00e3o de estradas\u201d. A carta foi entregue em m\u00e3os a Obiang pelo empres\u00e1rio.<\/p>\n<p>\u201cA den\u00fancia n\u00e3o aponta qualquer ato concreto praticado por Lula que pudesse configurar a pr\u00e1tica de lavagem de dinheiro ou tr\u00e1fico de influ\u00eancia\u201d, disse a defesa de Lula.<\/p>\n<p>O MPF juntou \u00e0 den\u00fancia o registro da transfer\u00eancia banc\u00e1ria de R$ 1 milh\u00e3o da ARG ao Instituto Lula em 18 de junho de 2012. Recibo emitido pela institui\u00e7\u00e3o na mesma data e tamb\u00e9m apreendido na entidade registra a doa\u00e7\u00e3o do valor. No entanto, o MPF avalia que foi um pagamento de vantagem a Lula por influ\u00eancia ao presidente de outro pa\u00eds. A doa\u00e7\u00e3o seria uma dissimula\u00e7\u00e3o da origem do dinheiro il\u00edcito, segundo a den\u00fancia, o que configuraria crime de lavagem de dinheiro.<\/p>\n<p>A defesa de Lula nega a acusa\u00e7\u00e3o. \u201cA doa\u00e7\u00e3o questionada foi dirigida ao Instituto Lula, que n\u00e3o se confunde com a pessoa do ex-presidente. Al\u00e9m disso, trata-se de doa\u00e7\u00e3o l\u00edcita, contabilizada e declarada \u00e0s autoridades, feita por mera liberalidade pelo doador\u201d, diz o advogado de Lula.<\/p>\n<p>Fonte: Ag\u00eancia Brasil<\/p>\n","protected":false},"excerpt":{"rendered":"<p>A Justi\u00e7a Federal recebeu nessa sexta-feira, 14, den\u00fancia do Minist\u00e9rio P\u00fablico Federal (MPF) contra o ex-presidente Luiz In\u00e1cio Lula da Silva, na qual se tornou r\u00e9u por lavagem de dinheiro porque teria recebido R$ 1 milh\u00e3o do grupo brasileiro ARG. Os valores teriam sido dissimulados na forma de doa\u00e7\u00e3o ao Instituto Lula. De acordo com [&hellip;]<\/p>\n","protected":false},"author":96,"featured_media":110731,"comment_status":"closed","ping_status":"closed","sticky":false,"template":"","format":"standard","meta":{"footnotes":""},"categories":[302,439],"tags":[],"class_list":["post-128439","post","type-post","status-publish","format-standard","has-post-thumbnail","hentry","category-brasil-mundo","category-ultima-hora"],"_links":{"self":[{"href":"https:\/\/diarioregionaldigital.com.br\/index.php?rest_route=\/wp\/v2\/posts\/128439","targetHints":{"allow":["GET"]}}],"collection":[{"href":"https:\/\/diarioregionaldigital.com.br\/index.php?rest_route=\/wp\/v2\/posts"}],"about":[{"href":"https:\/\/diarioregionaldigital.com.br\/index.php?rest_route=\/wp\/v2\/types\/post"}],"author":[{"embeddable":true,"href":"https:\/\/diarioregionaldigital.com.br\/index.php?rest_route=\/wp\/v2\/users\/96"}],"replies":[{"embeddable":true,"href":"https:\/\/diarioregionaldigital.com.br\/index.php?rest_route=%2Fwp%2Fv2%2Fcomments&post=128439"}],"version-history":[{"count":0,"href":"https:\/\/diarioregionaldigital.com.br\/index.php?rest_route=\/wp\/v2\/posts\/128439\/revisions"}],"wp:featuredmedia":[{"embeddable":true,"href":"https:\/\/diarioregionaldigital.com.br\/index.php?rest_route=\/wp\/v2\/media\/110731"}],"wp:attachment":[{"href":"https:\/\/diarioregionaldigital.com.br\/index.php?rest_route=%2Fwp%2Fv2%2Fmedia&parent=128439"}],"wp:term":[{"taxonomy":"category","embeddable":true,"href":"https:\/\/diarioregionaldigital.com.br\/index.php?rest_route=%2Fwp%2Fv2%2Fcategories&post=128439"},{"taxonomy":"post_tag","embeddable":true,"href":"https:\/\/diarioregionaldigital.com.br\/index.php?rest_route=%2Fwp%2Fv2%2Ftags&post=128439"}],"curies":[{"name":"wp","href":"https:\/\/api.w.org\/{rel}","templated":true}]}}