{"id":128431,"date":"2018-12-14T15:46:59","date_gmt":"2018-12-14T17:46:59","guid":{"rendered":"https:\/\/diarioregionaldigital.com.br\/?p=128431"},"modified":"2018-12-14T17:53:53","modified_gmt":"2018-12-14T19:53:53","slug":"policia-civil-recupera-veiculo-roubado-no-municipio-de-tocantins","status":"publish","type":"post","link":"https:\/\/diarioregionaldigital.com.br\/?p=128431","title":{"rendered":"Pol\u00edcia Civil recupera ve\u00edculo roubado no munic\u00edpio de Tocantins"},"content":{"rendered":"<p>Nesta quinta-feira, 13, a Pol\u00edcia Civil de Minas Gerais, por interm\u00e9dio da Delegacia de Pol\u00edcia Civil do Munic\u00edpio de Tocantins, recuperou uma caminhonete FIAT\/STRADA ADVENTURE, a qual fora roubada no ano de 2013 na cidade de Belo Horizonte\/MG.<br \/>\nAs investiga\u00e7\u00f5es apontaram que um indiv\u00edduo de 50 anos de idade, residente em Tocantins\/MG estaria de posse de tal ve\u00edculo, utilizando a placa de outro ve\u00edculo. De posse dos devidos mandados de busca e apreens\u00e3o, a equipe logrou \u00eaxito em localizar o ve\u00edculo, estando este com a placa e o chassi de outro ve\u00edculo, contudo, atrav\u00e9s da numera\u00e7\u00e3o do motor e da carroceria foi poss\u00edvel identificar o ve\u00edculo roubado.<br \/>\nO indiv\u00edduo foi encaminhado para a Delegacia de Tocantins, onde foi lavrado o devido APFD (auto de pris\u00e3o em flagrante delito).<\/p>\n<div id=\"attachment_128433\" style=\"width: 443px\" class=\"wp-caption aligncenter\"><img loading=\"lazy\" decoding=\"async\" aria-describedby=\"caption-attachment-128433\" class=\" wp-image-128433\" src=\"https:\/\/diarioregionaldigital.com.br\/wp-content\/uploads\/2018\/12\/48373824_271829856862722_7890416249207783424_n-169x300.jpg\" alt=\"\" width=\"433\" height=\"769\" srcset=\"https:\/\/diarioregionaldigital.com.br\/wp-content\/uploads\/2018\/12\/48373824_271829856862722_7890416249207783424_n-169x300.jpg 169w, https:\/\/diarioregionaldigital.com.br\/wp-content\/uploads\/2018\/12\/48373824_271829856862722_7890416249207783424_n-576x1024.jpg 576w, https:\/\/diarioregionaldigital.com.br\/wp-content\/uploads\/2018\/12\/48373824_271829856862722_7890416249207783424_n-360x640.jpg 360w, https:\/\/diarioregionaldigital.com.br\/wp-content\/uploads\/2018\/12\/48373824_271829856862722_7890416249207783424_n.jpg 585w\" sizes=\"auto, (max-width: 433px) 100vw, 433px\" \/><p id=\"caption-attachment-128433\" class=\"wp-caption-text\">Foto: Divulga\u00e7\u00e3o PC<\/p><\/div>\n<p>Fonte: Assessoria Pol\u00edcia Civil<\/p>\n","protected":false},"excerpt":{"rendered":"<p>Nesta quinta-feira, 13, a Pol\u00edcia Civil de Minas Gerais, por interm\u00e9dio da Delegacia de Pol\u00edcia Civil do Munic\u00edpio de Tocantins, recuperou uma caminhonete FIAT\/STRADA ADVENTURE, a qual fora roubada no ano de 2013 na cidade de Belo Horizonte\/MG. As investiga\u00e7\u00f5es apontaram que um indiv\u00edduo de 50 anos de idade, residente em Tocantins\/MG estaria de posse [&hellip;]<\/p>\n","protected":false},"author":96,"featured_media":95105,"comment_status":"closed","ping_status":"closed","sticky":false,"template":"","format":"standard","meta":{"footnotes":""},"categories":[436,252,439],"tags":[],"class_list":["post-128431","post","type-post","status-publish","format-standard","has-post-thumbnail","hentry","category-destaque-da-semana","category-regiao","category-ultima-hora"],"_links":{"self":[{"href":"https:\/\/diarioregionaldigital.com.br\/index.php?rest_route=\/wp\/v2\/posts\/128431","targetHints":{"allow":["GET"]}}],"collection":[{"href":"https:\/\/diarioregionaldigital.com.br\/index.php?rest_route=\/wp\/v2\/posts"}],"about":[{"href":"https:\/\/diarioregionaldigital.com.br\/index.php?rest_route=\/wp\/v2\/types\/post"}],"author":[{"embeddable":true,"href":"https:\/\/diarioregionaldigital.com.br\/index.php?rest_route=\/wp\/v2\/users\/96"}],"replies":[{"embeddable":true,"href":"https:\/\/diarioregionaldigital.com.br\/index.php?rest_route=%2Fwp%2Fv2%2Fcomments&post=128431"}],"version-history":[{"count":0,"href":"https:\/\/diarioregionaldigital.com.br\/index.php?rest_route=\/wp\/v2\/posts\/128431\/revisions"}],"wp:featuredmedia":[{"embeddable":true,"href":"https:\/\/diarioregionaldigital.com.br\/index.php?rest_route=\/wp\/v2\/media\/95105"}],"wp:attachment":[{"href":"https:\/\/diarioregionaldigital.com.br\/index.php?rest_route=%2Fwp%2Fv2%2Fmedia&parent=128431"}],"wp:term":[{"taxonomy":"category","embeddable":true,"href":"https:\/\/diarioregionaldigital.com.br\/index.php?rest_route=%2Fwp%2Fv2%2Fcategories&post=128431"},{"taxonomy":"post_tag","embeddable":true,"href":"https:\/\/diarioregionaldigital.com.br\/index.php?rest_route=%2Fwp%2Fv2%2Ftags&post=128431"}],"curies":[{"name":"wp","href":"https:\/\/api.w.org\/{rel}","templated":true}]}}