{"id":128425,"date":"2018-12-14T14:33:02","date_gmt":"2018-12-14T16:33:02","guid":{"rendered":"https:\/\/diarioregionaldigital.com.br\/?p=128425"},"modified":"2018-12-14T14:33:02","modified_gmt":"2018-12-14T16:33:02","slug":"cesama-ja-executou-80-na-remodelacao-de-rede-de-esgoto-em-rua-na-regiao-sul","status":"publish","type":"post","link":"https:\/\/diarioregionaldigital.com.br\/?p=128425","title":{"rendered":"Cesama j\u00e1 executou 80% na remodela\u00e7\u00e3o de rede de esgoto em rua na regi\u00e3o sul"},"content":{"rendered":"<p>Nos pr\u00f3ximos dias, os moradores da Rua Geraldo de Mello, no Bairro Sagrado Cora\u00e7\u00e3o de Jesus, regi\u00e3o sul, j\u00e1 poder\u00e3o contar com servi\u00e7o de coleta de esgoto modernizado. Desde a \u00faltima semana, a Companhia de Saneamento Municipal (Cesama) atua na via, efetuando a remodela\u00e7\u00e3o de 160 metros de redes locais, das quais 80% j\u00e1 foram executados. Assim, em breve, as antigas manilhas de barro que atendiam \u00e0 regi\u00e3o dar\u00e3o lugar a novas tubula\u00e7\u00f5es de PVC, com 150 mil\u00edmetros de di\u00e2metro.<\/p>\n<p>Para execu\u00e7\u00e3o dos servi\u00e7os \u00e9 preciso interditar totalmente o tr\u00e2nsito na via, de segunda a sexta-feira, das 7h30 \u00e0s 17 horas. Assim, a companhia solicita que, se poss\u00edvel, os moradores retirem seus ve\u00edculos da garagem antes das 7h30. A previs\u00e3o \u00e9 de que a obra seja conclu\u00edda na pr\u00f3xima semana.<\/p>\n<p>As a\u00e7\u00f5es de remodela\u00e7\u00e3o s\u00e3o realizadas ao longo de todo o ano, seguindo programa\u00e7\u00e3o de prioridades, quando \u00e9 avaliada a necessidade de troca. Esta an\u00e1lise leva em conta a antiguidade e o desgaste do material, o fato de o dimensionamento da tubula\u00e7\u00e3o j\u00e1 n\u00e3o ser compat\u00edvel com o n\u00famero de im\u00f3veis atendidos e os transtornos causados aos usu\u00e1rios do sistema, al\u00e9m dos custos de manuten\u00e7\u00e3o.<\/p>\n<p>Fonte: Assessoria PJF<\/p>\n","protected":false},"excerpt":{"rendered":"<p>Nos pr\u00f3ximos dias, os moradores da Rua Geraldo de Mello, no Bairro Sagrado Cora\u00e7\u00e3o de Jesus, regi\u00e3o sul, j\u00e1 poder\u00e3o contar com servi\u00e7o de coleta de esgoto modernizado. Desde a \u00faltima semana, a Companhia de Saneamento Municipal (Cesama) atua na via, efetuando a remodela\u00e7\u00e3o de 160 metros de redes locais, das quais 80% j\u00e1 foram [&hellip;]<\/p>\n","protected":false},"author":96,"featured_media":128429,"comment_status":"closed","ping_status":"closed","sticky":false,"template":"","format":"standard","meta":{"footnotes":""},"categories":[253,436,439],"tags":[],"class_list":["post-128425","post","type-post","status-publish","format-standard","has-post-thumbnail","hentry","category-cidade","category-destaque-da-semana","category-ultima-hora"],"_links":{"self":[{"href":"https:\/\/diarioregionaldigital.com.br\/index.php?rest_route=\/wp\/v2\/posts\/128425","targetHints":{"allow":["GET"]}}],"collection":[{"href":"https:\/\/diarioregionaldigital.com.br\/index.php?rest_route=\/wp\/v2\/posts"}],"about":[{"href":"https:\/\/diarioregionaldigital.com.br\/index.php?rest_route=\/wp\/v2\/types\/post"}],"author":[{"embeddable":true,"href":"https:\/\/diarioregionaldigital.com.br\/index.php?rest_route=\/wp\/v2\/users\/96"}],"replies":[{"embeddable":true,"href":"https:\/\/diarioregionaldigital.com.br\/index.php?rest_route=%2Fwp%2Fv2%2Fcomments&post=128425"}],"version-history":[{"count":0,"href":"https:\/\/diarioregionaldigital.com.br\/index.php?rest_route=\/wp\/v2\/posts\/128425\/revisions"}],"wp:featuredmedia":[{"embeddable":true,"href":"https:\/\/diarioregionaldigital.com.br\/index.php?rest_route=\/wp\/v2\/media\/128429"}],"wp:attachment":[{"href":"https:\/\/diarioregionaldigital.com.br\/index.php?rest_route=%2Fwp%2Fv2%2Fmedia&parent=128425"}],"wp:term":[{"taxonomy":"category","embeddable":true,"href":"https:\/\/diarioregionaldigital.com.br\/index.php?rest_route=%2Fwp%2Fv2%2Fcategories&post=128425"},{"taxonomy":"post_tag","embeddable":true,"href":"https:\/\/diarioregionaldigital.com.br\/index.php?rest_route=%2Fwp%2Fv2%2Ftags&post=128425"}],"curies":[{"name":"wp","href":"https:\/\/api.w.org\/{rel}","templated":true}]}}