{"id":128424,"date":"2018-12-14T14:29:54","date_gmt":"2018-12-14T16:29:54","guid":{"rendered":"https:\/\/diarioregionaldigital.com.br\/?p=128424"},"modified":"2018-12-14T14:29:54","modified_gmt":"2018-12-14T16:29:54","slug":"justica-de-goias-determina-prisao-de-joao-de-deus","status":"publish","type":"post","link":"https:\/\/diarioregionaldigital.com.br\/?p=128424","title":{"rendered":"Justi\u00e7a de Goi\u00e1s determina pris\u00e3o de Jo\u00e3o de Deus"},"content":{"rendered":"<p>A Secretaria de Seguran\u00e7a P\u00fablica de Goi\u00e1s confirmou h\u00e1 pouco que o Tribunal de Justi\u00e7a de Goi\u00e1s acatou o pedido do Minist\u00e9rio P\u00fablico de Goi\u00e1s (MP-GO) e determinou a pris\u00e3o do m\u00e9dium goiano Jo\u00e3o Teixeira de Faria, o Jo\u00e3o de Deus. Ele \u00e9 alvo de\u00a0den\u00fancias de abusos sexuais. Como o processo tramita em sergredo de Justi\u00e7a, o MP-GO n\u00e3o vai se manifestar.<\/p>\n<p>A reportagem ainda n\u00e3o conseguiu falar com o advogado Alberto Toron, que defende o m\u00e9dium. O advogado protocolou ontem, 13,\u00a0 pedido para que o tribunal autorizasse o m\u00e9dium a continuar os atendimentos na Casa Dom In\u00e1cio Loyola, em Abadi\u00e2nia.<\/p>\n<p>At\u00e9 esta quinta-feira, a for\u00e7a-tarefa criada pelo Minist\u00e9rio P\u00fablico estadual para apurar as acusa\u00e7\u00f5es de abusos sexuais contra Jo\u00e3o de Deus\u00a0havia recebido 330 mensagens e contatos por telefone\u00a0de mulheres que afirmam ser v\u00edtimas de crimes sexuais praticados pelo m\u00e9dium.<\/p>\n<p>Promotorias de Justi\u00e7a Criminais do Minist\u00e9rio P\u00fablico de outros estados tamb\u00e9m est\u00e3o recebendo den\u00fancias e auxiliando o Minist\u00e9rio P\u00fablico de Goi\u00e1s na apura\u00e7\u00e3o, colhendo os depoimentos das denunciantes que n\u00e3o moram em Goi\u00e1s.<\/p>\n<p>O m\u00e9dium de 76 anos fundou, em 1976, a Casa Dom In\u00e1cio de Loyola no\u00a0munic\u00edpio goiano\u00a0de 12 mil habitantes, a cerca de 110 quil\u00f4metros de Bras\u00edlia e \u00e0 mesma dist\u00e2ncia de Goi\u00e2nia.<\/p>\n<h2>Mem\u00f3ria<\/h2>\n<p>As den\u00fancias come\u00e7aram a vir a p\u00fablico na \u00faltima sexta-feira, 7, quando o programa\u00a0<em>Conversa com Bial<\/em>, da TV Globo, divulgou as primeiras den\u00fancias de abuso sexual. A partir da\u00ed, outras mulheres que afirmam ser v\u00edtimas do m\u00e9dium come\u00e7aram a procurar as autoridades e a imprensa. Nessa quarta-feira, em sua primeira apari\u00e7\u00e3o p\u00fablica,\u00a0o m\u00e9dium disse que \u00e9 inocente\u00a0e est\u00e1 \u00e0 disposi\u00e7\u00e3o da Justi\u00e7a brasileira.<\/p>\n<p>&#8220;Irm\u00e3os e minhas queridas irm\u00e3s, agrade\u00e7o a Deus por estar aqui. Quero cumprir a lei brasileira. Estou nas m\u00e3os da Justi\u00e7a. O Jo\u00e3o de Deus ainda est\u00e1 vivo&#8221;, declarou o m\u00e9dium ao passar pela Casa Dom In\u00e1cio, onde peramaneceu por menos de dez minutos antes de sair alegando estar passando mal.<\/p>\n<p>Fonte: Ag\u00eancia Brasil<\/p>\n","protected":false},"excerpt":{"rendered":"<p>A Secretaria de Seguran\u00e7a P\u00fablica de Goi\u00e1s confirmou h\u00e1 pouco que o Tribunal de Justi\u00e7a de Goi\u00e1s acatou o pedido do Minist\u00e9rio P\u00fablico de Goi\u00e1s (MP-GO) e determinou a pris\u00e3o do m\u00e9dium goiano Jo\u00e3o Teixeira de Faria, o Jo\u00e3o de Deus. Ele \u00e9 alvo de\u00a0den\u00fancias de abusos sexuais. Como o processo tramita em sergredo de [&hellip;]<\/p>\n","protected":false},"author":96,"featured_media":128427,"comment_status":"closed","ping_status":"closed","sticky":false,"template":"","format":"standard","meta":{"footnotes":""},"categories":[302,436,439],"tags":[],"class_list":["post-128424","post","type-post","status-publish","format-standard","has-post-thumbnail","hentry","category-brasil-mundo","category-destaque-da-semana","category-ultima-hora"],"_links":{"self":[{"href":"https:\/\/diarioregionaldigital.com.br\/index.php?rest_route=\/wp\/v2\/posts\/128424","targetHints":{"allow":["GET"]}}],"collection":[{"href":"https:\/\/diarioregionaldigital.com.br\/index.php?rest_route=\/wp\/v2\/posts"}],"about":[{"href":"https:\/\/diarioregionaldigital.com.br\/index.php?rest_route=\/wp\/v2\/types\/post"}],"author":[{"embeddable":true,"href":"https:\/\/diarioregionaldigital.com.br\/index.php?rest_route=\/wp\/v2\/users\/96"}],"replies":[{"embeddable":true,"href":"https:\/\/diarioregionaldigital.com.br\/index.php?rest_route=%2Fwp%2Fv2%2Fcomments&post=128424"}],"version-history":[{"count":0,"href":"https:\/\/diarioregionaldigital.com.br\/index.php?rest_route=\/wp\/v2\/posts\/128424\/revisions"}],"wp:featuredmedia":[{"embeddable":true,"href":"https:\/\/diarioregionaldigital.com.br\/index.php?rest_route=\/wp\/v2\/media\/128427"}],"wp:attachment":[{"href":"https:\/\/diarioregionaldigital.com.br\/index.php?rest_route=%2Fwp%2Fv2%2Fmedia&parent=128424"}],"wp:term":[{"taxonomy":"category","embeddable":true,"href":"https:\/\/diarioregionaldigital.com.br\/index.php?rest_route=%2Fwp%2Fv2%2Fcategories&post=128424"},{"taxonomy":"post_tag","embeddable":true,"href":"https:\/\/diarioregionaldigital.com.br\/index.php?rest_route=%2Fwp%2Fv2%2Ftags&post=128424"}],"curies":[{"name":"wp","href":"https:\/\/api.w.org\/{rel}","templated":true}]}}