{"id":128421,"date":"2018-12-14T14:23:58","date_gmt":"2018-12-14T16:23:58","guid":{"rendered":"https:\/\/diarioregionaldigital.com.br\/?p=128421"},"modified":"2018-12-14T14:23:58","modified_gmt":"2018-12-14T16:23:58","slug":"medicos-tem-ate-hoje-para-se-apresentar-aos-municipios","status":"publish","type":"post","link":"https:\/\/diarioregionaldigital.com.br\/?p=128421","title":{"rendered":"M\u00e9dicos t\u00eam at\u00e9 hoje para se apresentar aos munic\u00edpios"},"content":{"rendered":"<p>Profissionais com registro no pa\u00eds que se inscreveram no Programa Mais M\u00e9dicos t\u00eam at\u00e9 hoje, 14, para se apresentar nos munic\u00edpios escolhidos. O come\u00e7o da atua\u00e7\u00e3o, de acordo com o Minist\u00e9rio da Sa\u00fade, deve ser estabelecido junto ao gestor local. Dados da pasta mostram que, at\u00e9 as 11h da \u00faltima segunda-feira, 10, 53% dos profissionais haviam comparecido ou iniciado as atividades nas localidades.<\/p>\n<p>O programa recebeu 36.490 inscri\u00e7\u00f5es, preenchendo 98,7% (8.411 profissionais alocados) das 8.517 vagas disponibilizadas no edital. At\u00e9 o momento, est\u00e3o abertas para as pr\u00f3ximas etapas 106 vagas em 29 localidades. Na pr\u00f3xima segunda-feira, 17, o minist\u00e9rio far\u00e1 um balan\u00e7o das vagas dispon\u00edveis, somando as desist\u00eancias e as que n\u00e3o tiveram procura. Profissionais com registro no pa\u00eds ter\u00e3o nova chance para se inscrever e escolher os munic\u00edpios dispon\u00edveis nos dias 18 e 19 de dezembro.<\/p>\n<h2>Formados no exterior<\/h2>\n<p>O prazo para que candidatos ao Mais M\u00e9dicos formados no exterior (sem registro no Brasil) apresentem a documenta\u00e7\u00e3o tamb\u00e9m vence hoje, 14. O minist\u00e9rio exige, ao todo, 17 documentos &#8211; entre eles, o reconhecimento da institui\u00e7\u00e3o de ensino pela representa\u00e7\u00e3o do pa\u00eds onde os profissionais obtiveram a forma\u00e7\u00e3o.<\/p>\n<p>A partir do pr\u00f3ximo dia 20, brasileiros sem registro no pa\u00eds tamb\u00e9m poder\u00e3o escolher vagas dispon\u00edveis no programa.<\/p>\n<h2>Pr\u00f3ximas etapas<\/h2>\n<p>Dias 11 a 14 \u2013 Profissionais formados no exterior enviam documenta\u00e7\u00e3o para valida\u00e7\u00e3o da inscri\u00e7\u00e3o.<\/p>\n<p>Dia 14 \u2013 \u00daltimo dia para os profissionais com registro no pa\u00eds inscritos no primeiro edital se apresentarem nos munic\u00edpios.<\/p>\n<p>Dia 17\u2013 Balan\u00e7o das vagas dispon\u00edveis (soma desist\u00eancias e n\u00e3o selecionadas).<\/p>\n<p>Dia 18 e 19 \u2013 Os profissionais com registro no pa\u00eds escolhem os munic\u00edpios dispon\u00edveis.<\/p>\n<p>Dias 20 a 22 \u2013 Os m\u00e9dicos brasileiros formados no exterior e sem registro no pa\u00eds que tenham a inscri\u00e7\u00e3o previamente validada poder\u00e3o escolher os munic\u00edpios remanescentes.<\/p>\n<p>Dias 26 a 28 \u2013 Os estrangeiros formados no exterior e sem registro no pa\u00eds poder\u00e3o escolher as vagas remanescentes.<\/p>\n<p>Fonte: Ag\u00eancia Brasil<\/p>\n","protected":false},"excerpt":{"rendered":"<p>Profissionais com registro no pa\u00eds que se inscreveram no Programa Mais M\u00e9dicos t\u00eam at\u00e9 hoje, 14, para se apresentar nos munic\u00edpios escolhidos. O come\u00e7o da atua\u00e7\u00e3o, de acordo com o Minist\u00e9rio da Sa\u00fade, deve ser estabelecido junto ao gestor local. Dados da pasta mostram que, at\u00e9 as 11h da \u00faltima segunda-feira, 10, 53% dos profissionais [&hellip;]<\/p>\n","protected":false},"author":96,"featured_media":128422,"comment_status":"closed","ping_status":"closed","sticky":false,"template":"","format":"standard","meta":{"footnotes":""},"categories":[302,436,439],"tags":[],"class_list":["post-128421","post","type-post","status-publish","format-standard","has-post-thumbnail","hentry","category-brasil-mundo","category-destaque-da-semana","category-ultima-hora"],"_links":{"self":[{"href":"https:\/\/diarioregionaldigital.com.br\/index.php?rest_route=\/wp\/v2\/posts\/128421","targetHints":{"allow":["GET"]}}],"collection":[{"href":"https:\/\/diarioregionaldigital.com.br\/index.php?rest_route=\/wp\/v2\/posts"}],"about":[{"href":"https:\/\/diarioregionaldigital.com.br\/index.php?rest_route=\/wp\/v2\/types\/post"}],"author":[{"embeddable":true,"href":"https:\/\/diarioregionaldigital.com.br\/index.php?rest_route=\/wp\/v2\/users\/96"}],"replies":[{"embeddable":true,"href":"https:\/\/diarioregionaldigital.com.br\/index.php?rest_route=%2Fwp%2Fv2%2Fcomments&post=128421"}],"version-history":[{"count":0,"href":"https:\/\/diarioregionaldigital.com.br\/index.php?rest_route=\/wp\/v2\/posts\/128421\/revisions"}],"wp:featuredmedia":[{"embeddable":true,"href":"https:\/\/diarioregionaldigital.com.br\/index.php?rest_route=\/wp\/v2\/media\/128422"}],"wp:attachment":[{"href":"https:\/\/diarioregionaldigital.com.br\/index.php?rest_route=%2Fwp%2Fv2%2Fmedia&parent=128421"}],"wp:term":[{"taxonomy":"category","embeddable":true,"href":"https:\/\/diarioregionaldigital.com.br\/index.php?rest_route=%2Fwp%2Fv2%2Fcategories&post=128421"},{"taxonomy":"post_tag","embeddable":true,"href":"https:\/\/diarioregionaldigital.com.br\/index.php?rest_route=%2Fwp%2Fv2%2Ftags&post=128421"}],"curies":[{"name":"wp","href":"https:\/\/api.w.org\/{rel}","templated":true}]}}