{"id":128414,"date":"2018-12-14T13:49:40","date_gmt":"2018-12-14T15:49:40","guid":{"rendered":"https:\/\/diarioregionaldigital.com.br\/?p=128414"},"modified":"2018-12-14T13:49:40","modified_gmt":"2018-12-14T15:49:40","slug":"intencao-de-consumo-das-familias-atinge-maior-nivel-em-3-anos-diz-cnc","status":"publish","type":"post","link":"https:\/\/diarioregionaldigital.com.br\/?p=128414","title":{"rendered":"Inten\u00e7\u00e3o de consumo das fam\u00edlias atinge maior n\u00edvel em 3 anos, diz CNC"},"content":{"rendered":"<p>A Inten\u00e7\u00e3o de Consumo das Fam\u00edlias (ICF), medida pela Confedera\u00e7\u00e3o Nacional do Com\u00e9rcio de Bens, Servi\u00e7os e Turismo (CNC), atingiu este m\u00eas 91,2 pontos. \u00c9 o maior patamar do indicador desde junho de 2015 (91,7 pontos).<\/p>\n<p>A ICF de dezembro \u00e9 4,2% maior que a do m\u00eas anterior (87,6 pontos), a maior taxa desde 2010. O n\u00famero tamb\u00e9m \u00e9 superior (11,7%) ao de dezembro do ano passado.<\/p>\n<p>Apesar disso, o indicador se mant\u00e9m abaixo dos 100 pontos e, portanto, ainda \u00e9 verificada uma insatisfa\u00e7\u00e3o dos consumidores. A \u00faltima vez que a ICF ficou acima de 100 pontos foi em abril de 2015 (102,9 pontos).<\/p>\n<p>A alta da taxa de novembro para dezembro foi provocada por crescimentos nos sete componentes do indicador, com destaque para a avalia\u00e7\u00e3o de que o momento \u00e9 bom para a compra de bens dur\u00e1veis (11,2%) e para a perspectiva de consumo (7,2%).<\/p>\n<p>Para a CNC, os juros em queda, com infla\u00e7\u00e3o em baixa, formam o cen\u00e1rio que d\u00e1 suporte a uma maior disposi\u00e7\u00e3o das fam\u00edlias para o consumo de eletrodom\u00e9sticos, cuja caracter\u00edstica \u00e9 o cr\u00e9dito.<\/p>\n<p>J\u00e1 na compara\u00e7\u00e3o com dezembro de 2017, os componentes com maiores altas foram o n\u00edvel de consumo atual (24,3%) e a perspectiva de consumo (16,4%).<\/p>\n<p>Fonte: Ag\u00eancia Brasil<\/p>\n","protected":false},"excerpt":{"rendered":"<p>A Inten\u00e7\u00e3o de Consumo das Fam\u00edlias (ICF), medida pela Confedera\u00e7\u00e3o Nacional do Com\u00e9rcio de Bens, Servi\u00e7os e Turismo (CNC), atingiu este m\u00eas 91,2 pontos. \u00c9 o maior patamar do indicador desde junho de 2015 (91,7 pontos). A ICF de dezembro \u00e9 4,2% maior que a do m\u00eas anterior (87,6 pontos), a maior taxa desde 2010. [&hellip;]<\/p>\n","protected":false},"author":96,"featured_media":128415,"comment_status":"closed","ping_status":"closed","sticky":false,"template":"","format":"standard","meta":{"footnotes":""},"categories":[436,261,439],"tags":[],"class_list":["post-128414","post","type-post","status-publish","format-standard","has-post-thumbnail","hentry","category-destaque-da-semana","category-economia","category-ultima-hora"],"_links":{"self":[{"href":"https:\/\/diarioregionaldigital.com.br\/index.php?rest_route=\/wp\/v2\/posts\/128414","targetHints":{"allow":["GET"]}}],"collection":[{"href":"https:\/\/diarioregionaldigital.com.br\/index.php?rest_route=\/wp\/v2\/posts"}],"about":[{"href":"https:\/\/diarioregionaldigital.com.br\/index.php?rest_route=\/wp\/v2\/types\/post"}],"author":[{"embeddable":true,"href":"https:\/\/diarioregionaldigital.com.br\/index.php?rest_route=\/wp\/v2\/users\/96"}],"replies":[{"embeddable":true,"href":"https:\/\/diarioregionaldigital.com.br\/index.php?rest_route=%2Fwp%2Fv2%2Fcomments&post=128414"}],"version-history":[{"count":0,"href":"https:\/\/diarioregionaldigital.com.br\/index.php?rest_route=\/wp\/v2\/posts\/128414\/revisions"}],"wp:featuredmedia":[{"embeddable":true,"href":"https:\/\/diarioregionaldigital.com.br\/index.php?rest_route=\/wp\/v2\/media\/128415"}],"wp:attachment":[{"href":"https:\/\/diarioregionaldigital.com.br\/index.php?rest_route=%2Fwp%2Fv2%2Fmedia&parent=128414"}],"wp:term":[{"taxonomy":"category","embeddable":true,"href":"https:\/\/diarioregionaldigital.com.br\/index.php?rest_route=%2Fwp%2Fv2%2Fcategories&post=128414"},{"taxonomy":"post_tag","embeddable":true,"href":"https:\/\/diarioregionaldigital.com.br\/index.php?rest_route=%2Fwp%2Fv2%2Ftags&post=128414"}],"curies":[{"name":"wp","href":"https:\/\/api.w.org\/{rel}","templated":true}]}}