{"id":128411,"date":"2018-12-14T13:46:16","date_gmt":"2018-12-14T15:46:16","guid":{"rendered":"https:\/\/diarioregionaldigital.com.br\/?p=128411"},"modified":"2018-12-14T13:46:16","modified_gmt":"2018-12-14T15:46:16","slug":"conheca-as-profissoes-que-mais-avancaram-no-brasil","status":"publish","type":"post","link":"https:\/\/diarioregionaldigital.com.br\/?p=128411","title":{"rendered":"Conhe\u00e7a as profiss\u00f5es que mais avan\u00e7aram no Brasil"},"content":{"rendered":"<p>Algumas profiss\u00f5es apresentaram um crescimento significativo nos \u00faltimos anos, segundo os dados da Rela\u00e7\u00e3o Anual de Informa\u00e7\u00f5es Sociais (Rais), do Minist\u00e9rio do Trabalho. As 20 ocupa\u00e7\u00f5es que mais tiveram acr\u00e9scimo na quantidade de profissionais entre 2007 e 2017 est\u00e3o ligadas \u00e0 sa\u00fade, educa\u00e7\u00e3o infantil, agroind\u00fastria e tecnologia da informa\u00e7\u00e3o.<\/p>\n<p>A ocupa\u00e7\u00e3o que mais cresceu no per\u00edodo analisado est\u00e1 relacionada ao envelhecimento da popula\u00e7\u00e3o. Os cuidadores de idosos tiveram um aumento de 547%, passando de 5.263 profissionais em 2007 para 34.051 em 2017, dos quais 85% s\u00e3o mulheres com o ensino m\u00e9dio completo. Os estados onde a atividade mais expandiu foram S\u00e3o Paulo, com 11.397 postos de trabalho criados no per\u00edodo; Minas Gerais, com 4.475 postos, e Rio Grande do Sul, com 2.288.<\/p>\n<p>Segundo o ministro do Trabalho, Caio Vieira de Mello, o mercado de trabalho \u00e9 muito din\u00e2mico e os trabalhadores precisam de qualifica\u00e7\u00e3o profissional para acompanhar as constantes mudan\u00e7as provocadas pelas demandas da sociedade. \u201cFocados nas necessidades do mercado, lan\u00e7amos cursos como o Cuidando de Pessoas Idosas, que est\u00e1 entre os 10 cursos mais procurados na Escola do Trabalhador\u201d, destacou o ministro. \u201cO trabalhador qualificado \u00e9 aquele que ser\u00e1 empregado. Dado o desenvolvimento do mundo, todos precisam estar preparados para ter um futuro assegurado\u201d, acrescentou.<\/p>\n<p>O professor de n\u00edvel superior na educa\u00e7\u00e3o infantil \u00e9 a segunda profiss\u00e3o com maior avan\u00e7o nos \u00faltimos anos e registrou um aumento de 398%, saindo de 8.513 em 2007 para 42.391 trabalhadores em 2017. O maior acr\u00e9scimo foi de profissionais do sexo masculino, entre 30 e 49 anos.<\/p>\n<p>Os preparadores f\u00edsicos ocupam a terceira posi\u00e7\u00e3o no ranking das profiss\u00f5es que mais avan\u00e7aram. Com um crescimento de 327%, saltou de 6.932 trabalhadores em 2007, para 20.952 em 2017. A ocupa\u00e7\u00e3o tem maior participa\u00e7\u00e3o masculina, na faixa et\u00e1ria de 25 a 39 anos. \u00a0O maior crescimento desses profissionais foram registrados em estados da regi\u00e3o sudeste: S\u00e3o Paulo registrou o aumento 6.149 postos de trabalho; Rio de Janeiro, 3.374, e Minas Gerais, 2.618 postos.<\/p>\n<p>Na Agroind\u00fastria, os operadores de colheitadeira cresceram cerca de 253%, um aumento de 4.282 operadores em 2007 para 15.110 em 2017. A maior parte desses trabalhadores s\u00e3o homens entre 25 e 49 anos, com o ensino m\u00e9dio completo. Dos 10.828 postos criados no per\u00edodo, 5.552 foram em S\u00e3o Paulo, 1.158 em Goi\u00e1s, e 1.158 no Paran\u00e1.<\/p>\n<p>Na quinta posi\u00e7\u00e3o aparecem os analistas de informa\u00e7\u00f5es (pesquisadores de informa\u00e7\u00f5es de rede), com um aumento de 224%. Foram 8.991 vagas de emprego criadas 2007 e 2017.\u00a0 A maioria dos analistas s\u00e3o homens com ensino superior completo.<\/p>\n<p><strong>Futuro do Trabalho<\/strong><\/p>\n<p>Em 2018, o Minist\u00e9rio do Trabalho criou o Comit\u00ea de Estudos Avan\u00e7ados sobre o Futuro do Trabalho, dedicado a estudar e propor formas de preserva\u00e7\u00e3o do emprego diante dos desafios dos novos tempos. Profiss\u00f5es com tend\u00eancia de extin\u00e7\u00e3o e \u00e1reas de trabalho em expans\u00e3o est\u00e3o entre os temas discutidos pelo grupo, que conta com representantes do governo, do judici\u00e1rio, das entidades representativas de classe e sindicais e do meio acad\u00eamico. O comit\u00ea realizou, ao longo deste ano, reuni\u00f5es em Bras\u00edlia, audi\u00eancias p\u00fablicas em capitais do pa\u00eds e a coleta de sugest\u00f5es em uma consulta p\u00fablica realizada pela internet. Os resultados desse trabalho ser\u00e3o apresentados pelo ministro do Trabalho, Caio Vieira de Mello, em Bras\u00edlia, no dia 20 de dezembro.<\/p>\n<p>&nbsp;<\/p>\n<p><img decoding=\"async\" class=\"aligncenter\" src=\"http:\/\/www.trabalho.gov.br\/images\/Imagens\/destaques\/00000_00000000_000_ocupacoes.PNG\" \/><\/p>\n<p>&nbsp;<\/p>\n<p>Fonte: Minist\u00e9rio do Trabalho<\/p>\n<p>&nbsp;<\/p>\n","protected":false},"excerpt":{"rendered":"<p>Algumas profiss\u00f5es apresentaram um crescimento significativo nos \u00faltimos anos, segundo os dados da Rela\u00e7\u00e3o Anual de Informa\u00e7\u00f5es Sociais (Rais), do Minist\u00e9rio do Trabalho. As 20 ocupa\u00e7\u00f5es que mais tiveram acr\u00e9scimo na quantidade de profissionais entre 2007 e 2017 est\u00e3o ligadas \u00e0 sa\u00fade, educa\u00e7\u00e3o infantil, agroind\u00fastria e tecnologia da informa\u00e7\u00e3o. A ocupa\u00e7\u00e3o que mais cresceu no [&hellip;]<\/p>\n","protected":false},"author":96,"featured_media":128412,"comment_status":"closed","ping_status":"closed","sticky":false,"template":"","format":"standard","meta":{"footnotes":""},"categories":[302,436,439],"tags":[],"class_list":["post-128411","post","type-post","status-publish","format-standard","has-post-thumbnail","hentry","category-brasil-mundo","category-destaque-da-semana","category-ultima-hora"],"_links":{"self":[{"href":"https:\/\/diarioregionaldigital.com.br\/index.php?rest_route=\/wp\/v2\/posts\/128411","targetHints":{"allow":["GET"]}}],"collection":[{"href":"https:\/\/diarioregionaldigital.com.br\/index.php?rest_route=\/wp\/v2\/posts"}],"about":[{"href":"https:\/\/diarioregionaldigital.com.br\/index.php?rest_route=\/wp\/v2\/types\/post"}],"author":[{"embeddable":true,"href":"https:\/\/diarioregionaldigital.com.br\/index.php?rest_route=\/wp\/v2\/users\/96"}],"replies":[{"embeddable":true,"href":"https:\/\/diarioregionaldigital.com.br\/index.php?rest_route=%2Fwp%2Fv2%2Fcomments&post=128411"}],"version-history":[{"count":0,"href":"https:\/\/diarioregionaldigital.com.br\/index.php?rest_route=\/wp\/v2\/posts\/128411\/revisions"}],"wp:featuredmedia":[{"embeddable":true,"href":"https:\/\/diarioregionaldigital.com.br\/index.php?rest_route=\/wp\/v2\/media\/128412"}],"wp:attachment":[{"href":"https:\/\/diarioregionaldigital.com.br\/index.php?rest_route=%2Fwp%2Fv2%2Fmedia&parent=128411"}],"wp:term":[{"taxonomy":"category","embeddable":true,"href":"https:\/\/diarioregionaldigital.com.br\/index.php?rest_route=%2Fwp%2Fv2%2Fcategories&post=128411"},{"taxonomy":"post_tag","embeddable":true,"href":"https:\/\/diarioregionaldigital.com.br\/index.php?rest_route=%2Fwp%2Fv2%2Ftags&post=128411"}],"curies":[{"name":"wp","href":"https:\/\/api.w.org\/{rel}","templated":true}]}}