{"id":128408,"date":"2018-12-14T13:39:45","date_gmt":"2018-12-14T15:39:45","guid":{"rendered":"https:\/\/diarioregionaldigital.com.br\/?p=128408"},"modified":"2018-12-14T13:39:45","modified_gmt":"2018-12-14T15:39:45","slug":"seguro-dpvat-sofrera-reducao-media-de-633-em-2019","status":"publish","type":"post","link":"https:\/\/diarioregionaldigital.com.br\/?p=128408","title":{"rendered":"Seguro DPVAT sofrer\u00e1 redu\u00e7\u00e3o m\u00e9dia de 63,3% em 2019"},"content":{"rendered":"<p dir=\"ltr\">A partir de 2019, motoristas pagar\u00e3o o Seguro Obrigat\u00f3rio de Danos Pessoais Causados por Ve\u00edculos (DPVAT) com redu\u00e7\u00e3o m\u00e9dia de 63,3%. A medida, que aliviar\u00e1 o bolso de propriet\u00e1rios de ve\u00edculos, foi aprovada pelo Conselho Nacional de Seguros Privados (CNSP), vinculado ao Minist\u00e9rio da Fazenda, nessa quinta-feira, 13.<\/p>\n<p>O valor da redu\u00e7\u00e3o, no entanto, depender\u00e1 do tipo de ve\u00edculo. De acordo com a medida aprovada, autom\u00f3veis particulares, t\u00e1xis e carros de aluguel, ve\u00edculos ciclomotores, m\u00e1quinas de terraplanagem, tratores, caminh\u00f5es, pick-ups, reboques e semirreboques ter\u00e3o a\u00a0tarifa reduzida de R$ 41,40 para R$ 12 &#8211; uma redu\u00e7\u00e3o de 71%.<\/p>\n<p>J\u00e1 o seguro de \u00f4nibus, micro-\u00f4nibus e lota\u00e7\u00f5es sofrer\u00e3o uma redu\u00e7\u00e3o de 79%. Motocicletas e motonetas, que concentram a maior parte dos acidentes de tr\u00e2nsito que demandam o acionamento do DPVAT, ter\u00e3o o menor percentual &#8211; redu\u00e7\u00e3o de 56%.<\/p>\n<h3>Redu\u00e7\u00e3o de sinistros<\/h3>\n<p>De acordo com nota divulgada pelo Minist\u00e9rio da Fazenda,\u00a0a redu\u00e7\u00e3o dos pr\u00eamios tarif\u00e1rios foi poss\u00edvel devido ao montante de recursos acumulado em reservas t\u00e9cnicas superior \u00e0s necessidade atuariais do DPVAT. O excesso, conforme explicou a pasta, \u00e9 consequ\u00eancia das a\u00e7\u00f5es de combate \u00e0 fraude que levaram a uma redu\u00e7\u00e3o significativa dos sinistros somado \u00e0 rentabilidade dos recursos acumulados.<\/p>\n<p>Atualmente, o Seguro DPVAT paga em torno de R$ 2 bilh\u00f5es por ano em indeniza\u00e7\u00f5es.\u00a0O Conselho tamb\u00e9m definiu nova modalidade de Seguro Rural.\u00a0A resolu\u00e7\u00e3o define as culturas e lavouras que podem ser seguradas, as coberturas m\u00ednimas, os limites m\u00e1ximos de indeniza\u00e7\u00e3o, o c\u00e1lculo dessas indeniza\u00e7\u00f5es, al\u00e9m do per\u00edodo de cobertura.<\/p>\n<p><span class=\"discreet\">Fonte: Planalto, com informa\u00e7\u00f5es do\u00a0<a class=\"external-link\" title=\"\" href=\"http:\/\/www.fazenda.gov.br\/noticias\/2018\/dezembro\/cnsp-aprova-reducao-media-de-63-3-do-valor-do-dpvat-em-2019\" target=\"_blank\" rel=\"noopener\" data-tippreview-enabled=\"false\" data-tippreview-image=\"\" data-tippreview-title=\"\">Minist\u00e9rio da Fazenda<\/a><\/span><\/p>\n","protected":false},"excerpt":{"rendered":"<p>A partir de 2019, motoristas pagar\u00e3o o Seguro Obrigat\u00f3rio de Danos Pessoais Causados por Ve\u00edculos (DPVAT) com redu\u00e7\u00e3o m\u00e9dia de 63,3%. A medida, que aliviar\u00e1 o bolso de propriet\u00e1rios de ve\u00edculos, foi aprovada pelo Conselho Nacional de Seguros Privados (CNSP), vinculado ao Minist\u00e9rio da Fazenda, nessa quinta-feira, 13. O valor da redu\u00e7\u00e3o, no entanto, depender\u00e1 [&hellip;]<\/p>\n","protected":false},"author":96,"featured_media":128409,"comment_status":"closed","ping_status":"closed","sticky":false,"template":"","format":"standard","meta":{"footnotes":""},"categories":[436,261,439],"tags":[],"class_list":["post-128408","post","type-post","status-publish","format-standard","has-post-thumbnail","hentry","category-destaque-da-semana","category-economia","category-ultima-hora"],"_links":{"self":[{"href":"https:\/\/diarioregionaldigital.com.br\/index.php?rest_route=\/wp\/v2\/posts\/128408","targetHints":{"allow":["GET"]}}],"collection":[{"href":"https:\/\/diarioregionaldigital.com.br\/index.php?rest_route=\/wp\/v2\/posts"}],"about":[{"href":"https:\/\/diarioregionaldigital.com.br\/index.php?rest_route=\/wp\/v2\/types\/post"}],"author":[{"embeddable":true,"href":"https:\/\/diarioregionaldigital.com.br\/index.php?rest_route=\/wp\/v2\/users\/96"}],"replies":[{"embeddable":true,"href":"https:\/\/diarioregionaldigital.com.br\/index.php?rest_route=%2Fwp%2Fv2%2Fcomments&post=128408"}],"version-history":[{"count":0,"href":"https:\/\/diarioregionaldigital.com.br\/index.php?rest_route=\/wp\/v2\/posts\/128408\/revisions"}],"wp:featuredmedia":[{"embeddable":true,"href":"https:\/\/diarioregionaldigital.com.br\/index.php?rest_route=\/wp\/v2\/media\/128409"}],"wp:attachment":[{"href":"https:\/\/diarioregionaldigital.com.br\/index.php?rest_route=%2Fwp%2Fv2%2Fmedia&parent=128408"}],"wp:term":[{"taxonomy":"category","embeddable":true,"href":"https:\/\/diarioregionaldigital.com.br\/index.php?rest_route=%2Fwp%2Fv2%2Fcategories&post=128408"},{"taxonomy":"post_tag","embeddable":true,"href":"https:\/\/diarioregionaldigital.com.br\/index.php?rest_route=%2Fwp%2Fv2%2Ftags&post=128408"}],"curies":[{"name":"wp","href":"https:\/\/api.w.org\/{rel}","templated":true}]}}