{"id":128405,"date":"2018-12-14T13:36:35","date_gmt":"2018-12-14T15:36:35","guid":{"rendered":"https:\/\/diarioregionaldigital.com.br\/?p=128405"},"modified":"2018-12-14T13:36:35","modified_gmt":"2018-12-14T15:36:35","slug":"unidades-basicas-de-saude-de-seis-estados-recebem-r-49-mi-para-reformas","status":"publish","type":"post","link":"https:\/\/diarioregionaldigital.com.br\/?p=128405","title":{"rendered":"Unidades B\u00e1sicas de Sa\u00fade de seis estados recebem R$ 4,9 mi para reformas"},"content":{"rendered":"<div class=\"\">\n<div id=\"content\">\n<article>\n<div id=\"content-core\">\n<div id=\"parent-fieldname-text\" class=\"\">\n<div>\n<p dir=\"ltr\">Unidades B\u00e1sicas de Sa\u00fade localizadas em 23 cidades de seis estados diferentes receber\u00e3o\u00a0R$ 4,9 milh\u00f5es para reformas. Repassada pelo Minist\u00e9rio da Sa\u00fade, a verba est\u00e1 prevista em emendas de parlamentares aprovadas pelo Congresso Nacional e ser\u00e1 transferida em\u00a0parcela \u00fanica para os fundos municipais.<\/p>\n<p dir=\"ltr\">Gestores poder\u00e3o fazer as adequa\u00e7\u00f5es necess\u00e1rias nas estruturas f\u00edsicas para modernizar os espa\u00e7os e promover melhor atendimento e cuidado aos pacientes, conforme a necessidade e o planejamento de cada institui\u00e7\u00e3o.\u00a0A situa\u00e7\u00e3o da obra deve ser informada no\u00a0<a href=\"http:\/\/portalms.saude.gov.br\/sismob\/\" target=\"_blank\" rel=\"noopener\">Sistema de Monitoramento de Obras (Sismob)<\/a>, com presta\u00e7\u00e3o de contas\u00a0por Relat\u00f3rio de Gest\u00e3o Anual.<\/p>\n<h3 dir=\"ltr\">Divis\u00e3o<\/h3>\n<p dir=\"ltr\">S\u00e3o R$ 3 milh\u00f5es para 14 munic\u00edpios de Alagoas, R$ 89 mil para Iguatu (CE), R$ 190 mil para Governador Lindenberg (ES), R$ 929,5 mil para cinco munic\u00edpios de Minas Gerais, R$ 250 mil para Dourados (MS), e R$ 250 mil para o munic\u00edpio de Mariano Moro (RS).<\/p>\n<p dir=\"ltr\">Em maio de 2018, o Minist\u00e9rio da Sa\u00fade liberou R$ 7 milh\u00f5es, tamb\u00e9m por meio de emendas parlamentares, para reformar Unidades B\u00e1sicas de Sa\u00fade em todo o Brasil. \u00c0 \u00e9poca foram anunciadas 28 propostas em 12 estados brasileiros, que receberam os recursos para melhorias na estrutura.<\/p>\n<p dir=\"ltr\"><span class=\"discreet\">Fonte:\u00a0<a href=\"http:\/\/portalms.saude.gov.br\/\" target=\"_blank\" rel=\"noopener\">Minist\u00e9rio da Sa\u00fade<\/a><\/span><\/p>\n<\/div>\n<\/div>\n<\/div>\n<div class=\"visualClear\"><\/div>\n<div class=\"documentActions\"><\/div>\n<\/article>\n<\/div>\n<\/div>\n<div id=\"viewlet-below-content\"><\/div>\n","protected":false},"excerpt":{"rendered":"<p>Unidades B\u00e1sicas de Sa\u00fade localizadas em 23 cidades de seis estados diferentes receber\u00e3o\u00a0R$ 4,9 milh\u00f5es para reformas. Repassada pelo Minist\u00e9rio da Sa\u00fade, a verba est\u00e1 prevista em emendas de parlamentares aprovadas pelo Congresso Nacional e ser\u00e1 transferida em\u00a0parcela \u00fanica para os fundos municipais. Gestores poder\u00e3o fazer as adequa\u00e7\u00f5es necess\u00e1rias nas estruturas f\u00edsicas para modernizar os [&hellip;]<\/p>\n","protected":false},"author":96,"featured_media":128406,"comment_status":"closed","ping_status":"closed","sticky":false,"template":"","format":"standard","meta":{"footnotes":""},"categories":[302,436,439],"tags":[],"class_list":["post-128405","post","type-post","status-publish","format-standard","has-post-thumbnail","hentry","category-brasil-mundo","category-destaque-da-semana","category-ultima-hora"],"_links":{"self":[{"href":"https:\/\/diarioregionaldigital.com.br\/index.php?rest_route=\/wp\/v2\/posts\/128405","targetHints":{"allow":["GET"]}}],"collection":[{"href":"https:\/\/diarioregionaldigital.com.br\/index.php?rest_route=\/wp\/v2\/posts"}],"about":[{"href":"https:\/\/diarioregionaldigital.com.br\/index.php?rest_route=\/wp\/v2\/types\/post"}],"author":[{"embeddable":true,"href":"https:\/\/diarioregionaldigital.com.br\/index.php?rest_route=\/wp\/v2\/users\/96"}],"replies":[{"embeddable":true,"href":"https:\/\/diarioregionaldigital.com.br\/index.php?rest_route=%2Fwp%2Fv2%2Fcomments&post=128405"}],"version-history":[{"count":0,"href":"https:\/\/diarioregionaldigital.com.br\/index.php?rest_route=\/wp\/v2\/posts\/128405\/revisions"}],"wp:featuredmedia":[{"embeddable":true,"href":"https:\/\/diarioregionaldigital.com.br\/index.php?rest_route=\/wp\/v2\/media\/128406"}],"wp:attachment":[{"href":"https:\/\/diarioregionaldigital.com.br\/index.php?rest_route=%2Fwp%2Fv2%2Fmedia&parent=128405"}],"wp:term":[{"taxonomy":"category","embeddable":true,"href":"https:\/\/diarioregionaldigital.com.br\/index.php?rest_route=%2Fwp%2Fv2%2Fcategories&post=128405"},{"taxonomy":"post_tag","embeddable":true,"href":"https:\/\/diarioregionaldigital.com.br\/index.php?rest_route=%2Fwp%2Fv2%2Ftags&post=128405"}],"curies":[{"name":"wp","href":"https:\/\/api.w.org\/{rel}","templated":true}]}}