{"id":128402,"date":"2018-12-14T13:32:31","date_gmt":"2018-12-14T15:32:31","guid":{"rendered":"https:\/\/diarioregionaldigital.com.br\/?p=128402"},"modified":"2018-12-14T13:32:31","modified_gmt":"2018-12-14T15:32:31","slug":"estados-e-municipios-ja-podem-usar-salario-educacao-de-novembro","status":"publish","type":"post","link":"https:\/\/diarioregionaldigital.com.br\/?p=128402","title":{"rendered":"Estados e munic\u00edpios j\u00e1 podem usar sal\u00e1rio-educa\u00e7\u00e3o de novembro"},"content":{"rendered":"<div class=\"\">\n<div id=\"content\">\n<article>\n<div id=\"content-core\">\n<div id=\"parent-fieldname-text\" class=\"\">\n<div>\n<p class=\"x_MsoNormal\">Estados e munic\u00edpios brasileiros j\u00e1 podem usar a parcela de novembro do sal\u00e1rio-educa\u00e7\u00e3o. Segundo o\u00a0Fundo Nacional de Desenvolvimento da Educa\u00e7\u00e3o (FNDE), foram repassados nessa quinta-feira, 13, mais de R$ 919 milh\u00f5es aos entes federativos.<\/p>\n<p class=\"x_MsoNormal\">Do valor total, R$ 510,56 milh\u00f5es s\u00e3o destinados \u00e0s redes municipais de educa\u00e7\u00e3o e R$ 409,33 milh\u00f5es \u00e0s redes estaduais e distrital. O n\u00famero de matr\u00edculas no ensino b\u00e1sico define as cotas de cada um. Para consultar o valor, basta\u00a0<a class=\"external-link\" title=\"\" href=\"http:\/\/www.fnde.gov.br\/sigefweb\/index.php\/liberacoes\" target=\"_blank\" rel=\"noopener\" data-tippreview-enabled=\"false\" data-tippreview-image=\"\" data-tippreview-title=\"\">consultar o link<\/a>.<\/p>\n<p class=\"x_MsoNormal\">Ao lado do Fundo de Manuten\u00e7\u00e3o e Desenvolvimento da Educa\u00e7\u00e3o B\u00e1sica e de Valoriza\u00e7\u00e3o dos Profissionais da Educa\u00e7\u00e3o (Fundeb), o\u00a0sal\u00e1rio-educa\u00e7\u00e3o \u00e9 uma das principais fontes de recursos para a manuten\u00e7\u00e3o e o desenvolvimento do ensino. O valor \u00e9 recolhido sobre a folha de pagamento de todas as empresas e entidades vinculadas ao Regime Geral da Previd\u00eancia Social.<\/p>\n<p class=\"x_MsoNormal\"><span class=\"discreet\">Fonte:\u00a0<a class=\"external-link\" title=\"\" href=\"http:\/\/www.fnde.gov.br\/\" target=\"_blank\" rel=\"noopener\" data-tippreview-enabled=\"false\" data-tippreview-image=\"\" data-tippreview-title=\"\">FNDE<\/a><\/span><\/p>\n<\/div>\n<\/div>\n<\/div>\n<div class=\"visualClear\"><\/div>\n<div class=\"documentActions\"><\/div>\n<\/article>\n<\/div>\n<\/div>\n<div id=\"viewlet-below-content\"><\/div>\n","protected":false},"excerpt":{"rendered":"<p>Estados e munic\u00edpios brasileiros j\u00e1 podem usar a parcela de novembro do sal\u00e1rio-educa\u00e7\u00e3o. Segundo o\u00a0Fundo Nacional de Desenvolvimento da Educa\u00e7\u00e3o (FNDE), foram repassados nessa quinta-feira, 13, mais de R$ 919 milh\u00f5es aos entes federativos. Do valor total, R$ 510,56 milh\u00f5es s\u00e3o destinados \u00e0s redes municipais de educa\u00e7\u00e3o e R$ 409,33 milh\u00f5es \u00e0s redes estaduais e [&hellip;]<\/p>\n","protected":false},"author":96,"featured_media":128403,"comment_status":"closed","ping_status":"closed","sticky":false,"template":"","format":"standard","meta":{"footnotes":""},"categories":[302,436,439],"tags":[],"class_list":["post-128402","post","type-post","status-publish","format-standard","has-post-thumbnail","hentry","category-brasil-mundo","category-destaque-da-semana","category-ultima-hora"],"_links":{"self":[{"href":"https:\/\/diarioregionaldigital.com.br\/index.php?rest_route=\/wp\/v2\/posts\/128402","targetHints":{"allow":["GET"]}}],"collection":[{"href":"https:\/\/diarioregionaldigital.com.br\/index.php?rest_route=\/wp\/v2\/posts"}],"about":[{"href":"https:\/\/diarioregionaldigital.com.br\/index.php?rest_route=\/wp\/v2\/types\/post"}],"author":[{"embeddable":true,"href":"https:\/\/diarioregionaldigital.com.br\/index.php?rest_route=\/wp\/v2\/users\/96"}],"replies":[{"embeddable":true,"href":"https:\/\/diarioregionaldigital.com.br\/index.php?rest_route=%2Fwp%2Fv2%2Fcomments&post=128402"}],"version-history":[{"count":0,"href":"https:\/\/diarioregionaldigital.com.br\/index.php?rest_route=\/wp\/v2\/posts\/128402\/revisions"}],"wp:featuredmedia":[{"embeddable":true,"href":"https:\/\/diarioregionaldigital.com.br\/index.php?rest_route=\/wp\/v2\/media\/128403"}],"wp:attachment":[{"href":"https:\/\/diarioregionaldigital.com.br\/index.php?rest_route=%2Fwp%2Fv2%2Fmedia&parent=128402"}],"wp:term":[{"taxonomy":"category","embeddable":true,"href":"https:\/\/diarioregionaldigital.com.br\/index.php?rest_route=%2Fwp%2Fv2%2Fcategories&post=128402"},{"taxonomy":"post_tag","embeddable":true,"href":"https:\/\/diarioregionaldigital.com.br\/index.php?rest_route=%2Fwp%2Fv2%2Ftags&post=128402"}],"curies":[{"name":"wp","href":"https:\/\/api.w.org\/{rel}","templated":true}]}}