{"id":128391,"date":"2018-12-14T12:22:00","date_gmt":"2018-12-14T14:22:00","guid":{"rendered":"https:\/\/diarioregionaldigital.com.br\/?p=128391"},"modified":"2018-12-14T12:24:32","modified_gmt":"2018-12-14T14:24:32","slug":"pardal-e-eleito-novo-presidente-da-camara-municipal-de-juiz-de-fora","status":"publish","type":"post","link":"https:\/\/diarioregionaldigital.com.br\/?p=128391","title":{"rendered":"Pardal \u00e9 eleito novo presidente da C\u00e2mara Municipal de Juiz de Fora"},"content":{"rendered":"<p>Foi eleito nesta sexta-feira, 14, durante a sess\u00e3o ordin\u00e1ria, o vereador Luiz Ot\u00e1vio Coelho &#8211; Pardal (PTC), que liderava a chapa 2.\u00a0 O parlamentar foi eleito com 11 votos, enquanto a chapa 1, composta por Kennedy (PMDB) teve o apoio de oito legisladores.<\/p>\n<p>Al\u00e9m de Pardal, foram eleitos os demais representantes da chapa 2, formada por J\u00falio Obama (PHS) e Ana Rossignoli (MDB), que ocupam as duas vice-presid\u00eancias. Cido Reis (PSB) e Wanderson Castelar (PT) v\u00e3o compor as fun\u00e7\u00f5es de secret\u00e1rios.<\/p>\n<h3>Biografia<\/h3>\n<div class=\"mc-column content-text active-extra-styles \" data-block-type=\"unstyled\" data-block-weight=\"44\" data-block-id=\"5\">\n<p data-track-category=\"Link no Texto\" data-track-links=\"\">Pardal nasceu em 19 de maio de 1961. Natural de Juiz de Fora, \u00e9 casado com Elizabet Maria de Paula Coelho, com quem tem duas filhas, Geovana e Jordana. J\u00e1 trabalhou no com\u00e9rcio e jogou futsal profissional, defendendo o Tupi, o Sport, o Jardim Gl\u00f3ria e o Acad\u00eamicos do Bairu.<\/p>\n<p>Iniciou a vida pol\u00edtica no in\u00edcio dos anos 90 convidado por Laurindo Netto e, em 1992, disputou pela primeira vez uma vaga no Legislativo. Em 2004 foi eleito vereador com 3537 votos.<\/p>\n<\/div>\n","protected":false},"excerpt":{"rendered":"<p>Foi eleito nesta sexta-feira, 14, durante a sess\u00e3o ordin\u00e1ria, o vereador Luiz Ot\u00e1vio Coelho &#8211; Pardal (PTC), que liderava a chapa 2.\u00a0 O parlamentar foi eleito com 11 votos, enquanto a chapa 1, composta por Kennedy (PMDB) teve o apoio de oito legisladores. Al\u00e9m de Pardal, foram eleitos os demais representantes da chapa 2, formada [&hellip;]<\/p>\n","protected":false},"author":96,"featured_media":0,"comment_status":"closed","ping_status":"closed","sticky":false,"template":"","format":"standard","meta":{"footnotes":""},"categories":[253,436,440,439],"tags":[],"class_list":["post-128391","post","type-post","status-publish","format-standard","hentry","category-cidade","category-destaque-da-semana","category-destaques-do-dia","category-ultima-hora"],"_links":{"self":[{"href":"https:\/\/diarioregionaldigital.com.br\/index.php?rest_route=\/wp\/v2\/posts\/128391","targetHints":{"allow":["GET"]}}],"collection":[{"href":"https:\/\/diarioregionaldigital.com.br\/index.php?rest_route=\/wp\/v2\/posts"}],"about":[{"href":"https:\/\/diarioregionaldigital.com.br\/index.php?rest_route=\/wp\/v2\/types\/post"}],"author":[{"embeddable":true,"href":"https:\/\/diarioregionaldigital.com.br\/index.php?rest_route=\/wp\/v2\/users\/96"}],"replies":[{"embeddable":true,"href":"https:\/\/diarioregionaldigital.com.br\/index.php?rest_route=%2Fwp%2Fv2%2Fcomments&post=128391"}],"version-history":[{"count":0,"href":"https:\/\/diarioregionaldigital.com.br\/index.php?rest_route=\/wp\/v2\/posts\/128391\/revisions"}],"wp:attachment":[{"href":"https:\/\/diarioregionaldigital.com.br\/index.php?rest_route=%2Fwp%2Fv2%2Fmedia&parent=128391"}],"wp:term":[{"taxonomy":"category","embeddable":true,"href":"https:\/\/diarioregionaldigital.com.br\/index.php?rest_route=%2Fwp%2Fv2%2Fcategories&post=128391"},{"taxonomy":"post_tag","embeddable":true,"href":"https:\/\/diarioregionaldigital.com.br\/index.php?rest_route=%2Fwp%2Fv2%2Ftags&post=128391"}],"curies":[{"name":"wp","href":"https:\/\/api.w.org\/{rel}","templated":true}]}}