{"id":128389,"date":"2018-12-14T10:05:13","date_gmt":"2018-12-14T12:05:13","guid":{"rendered":"https:\/\/diarioregionaldigital.com.br\/?p=128389"},"modified":"2018-12-14T10:05:13","modified_gmt":"2018-12-14T12:05:13","slug":"policia-militar-prende-jovem-por-posse-ilegal-de-arma","status":"publish","type":"post","link":"https:\/\/diarioregionaldigital.com.br\/?p=128389","title":{"rendered":"Pol\u00edcia Militar prende jovem por posse ilegal de arma"},"content":{"rendered":"<p>O Grupo Especializado em Radiopatrulhamento (GER) da Pol\u00edcia Militar prendeu nessa quinta-feira, 13, um jovem, 20 anos, por posse ilegal de arma no bairro S\u00e3o Judas Tadeu, na zona Norte de Juiz de Fora.<\/p>\n<p>Os policiais chegaram at\u00e9 a resid\u00eancia dele atrav\u00e9s de den\u00fancia. Na casa, que fica na Rua Luiz Vilani, foram encontrados dois rev\u00f3lveres calibre 38, da marca Taurus, al\u00e9m de sete cartuchos de muni\u00e7\u00e3o calibre 38 intactos. Nenhuma dos materiais tinha documenta\u00e7\u00e3o.<\/p>\n<p>O rapaz foi preso e encaminhado para a delegacia.<\/p>\n","protected":false},"excerpt":{"rendered":"<p>O Grupo Especializado em Radiopatrulhamento (GER) da Pol\u00edcia Militar prendeu nessa quinta-feira, 13, um jovem, 20 anos, por posse ilegal de arma no bairro S\u00e3o Judas Tadeu, na zona Norte de Juiz de Fora. Os policiais chegaram at\u00e9 a resid\u00eancia dele atrav\u00e9s de den\u00fancia. Na casa, que fica na Rua Luiz Vilani, foram encontrados dois [&hellip;]<\/p>\n","protected":false},"author":96,"featured_media":95836,"comment_status":"closed","ping_status":"closed","sticky":false,"template":"","format":"standard","meta":{"footnotes":""},"categories":[301],"tags":[],"class_list":["post-128389","post","type-post","status-publish","format-standard","has-post-thumbnail","hentry","category-artigos-policiais"],"_links":{"self":[{"href":"https:\/\/diarioregionaldigital.com.br\/index.php?rest_route=\/wp\/v2\/posts\/128389","targetHints":{"allow":["GET"]}}],"collection":[{"href":"https:\/\/diarioregionaldigital.com.br\/index.php?rest_route=\/wp\/v2\/posts"}],"about":[{"href":"https:\/\/diarioregionaldigital.com.br\/index.php?rest_route=\/wp\/v2\/types\/post"}],"author":[{"embeddable":true,"href":"https:\/\/diarioregionaldigital.com.br\/index.php?rest_route=\/wp\/v2\/users\/96"}],"replies":[{"embeddable":true,"href":"https:\/\/diarioregionaldigital.com.br\/index.php?rest_route=%2Fwp%2Fv2%2Fcomments&post=128389"}],"version-history":[{"count":0,"href":"https:\/\/diarioregionaldigital.com.br\/index.php?rest_route=\/wp\/v2\/posts\/128389\/revisions"}],"wp:featuredmedia":[{"embeddable":true,"href":"https:\/\/diarioregionaldigital.com.br\/index.php?rest_route=\/wp\/v2\/media\/95836"}],"wp:attachment":[{"href":"https:\/\/diarioregionaldigital.com.br\/index.php?rest_route=%2Fwp%2Fv2%2Fmedia&parent=128389"}],"wp:term":[{"taxonomy":"category","embeddable":true,"href":"https:\/\/diarioregionaldigital.com.br\/index.php?rest_route=%2Fwp%2Fv2%2Fcategories&post=128389"},{"taxonomy":"post_tag","embeddable":true,"href":"https:\/\/diarioregionaldigital.com.br\/index.php?rest_route=%2Fwp%2Fv2%2Ftags&post=128389"}],"curies":[{"name":"wp","href":"https:\/\/api.w.org\/{rel}","templated":true}]}}