{"id":128387,"date":"2018-12-14T09:54:20","date_gmt":"2018-12-14T11:54:20","guid":{"rendered":"https:\/\/diarioregionaldigital.com.br\/?p=128387"},"modified":"2018-12-14T09:54:20","modified_gmt":"2018-12-14T11:54:20","slug":"carro-e-furtado-no-bairro-sao-dimas","status":"publish","type":"post","link":"https:\/\/diarioregionaldigital.com.br\/?p=128387","title":{"rendered":"Carro \u00e9 furtado no bairro S\u00e3o Dimas"},"content":{"rendered":"<p>Na manh\u00e3 dessa quinta-feira, 13, um homem, 59 anos, teve o carro furtado no bairro S\u00e3o dimas, na regi\u00e3o Norte de Juiz de Fora.<\/p>\n<p>Segundo relato do propriet\u00e1rio \u00e0 Pol\u00edcia Militar, ele estacionou o carro na Rua Henrique Burnier, pr\u00f3ximo ao shopping Jardim Norte, por volta das 11h. Ao retornar, algum tempo depois, o ve\u00edculo, que \u00e9 do ano de 2009 e possuiu placa de Vi\u00e7osa, n\u00e3o estava mais no local.<\/p>\n<p>A v\u00edtima n\u00e3o apresentou nenhum suspeito. A PM agora ir\u00e1 investigar o caso.<\/p>\n<p>&nbsp;<\/p>\n","protected":false},"excerpt":{"rendered":"<p>Na manh\u00e3 dessa quinta-feira, 13, um homem, 59 anos, teve o carro furtado no bairro S\u00e3o dimas, na regi\u00e3o Norte de Juiz de Fora. Segundo relato do propriet\u00e1rio \u00e0 Pol\u00edcia Militar, ele estacionou o carro na Rua Henrique Burnier, pr\u00f3ximo ao shopping Jardim Norte, por volta das 11h. Ao retornar, algum tempo depois, o ve\u00edculo, [&hellip;]<\/p>\n","protected":false},"author":96,"featured_media":95836,"comment_status":"closed","ping_status":"closed","sticky":false,"template":"","format":"standard","meta":{"footnotes":""},"categories":[301],"tags":[],"class_list":["post-128387","post","type-post","status-publish","format-standard","has-post-thumbnail","hentry","category-artigos-policiais"],"_links":{"self":[{"href":"https:\/\/diarioregionaldigital.com.br\/index.php?rest_route=\/wp\/v2\/posts\/128387","targetHints":{"allow":["GET"]}}],"collection":[{"href":"https:\/\/diarioregionaldigital.com.br\/index.php?rest_route=\/wp\/v2\/posts"}],"about":[{"href":"https:\/\/diarioregionaldigital.com.br\/index.php?rest_route=\/wp\/v2\/types\/post"}],"author":[{"embeddable":true,"href":"https:\/\/diarioregionaldigital.com.br\/index.php?rest_route=\/wp\/v2\/users\/96"}],"replies":[{"embeddable":true,"href":"https:\/\/diarioregionaldigital.com.br\/index.php?rest_route=%2Fwp%2Fv2%2Fcomments&post=128387"}],"version-history":[{"count":0,"href":"https:\/\/diarioregionaldigital.com.br\/index.php?rest_route=\/wp\/v2\/posts\/128387\/revisions"}],"wp:featuredmedia":[{"embeddable":true,"href":"https:\/\/diarioregionaldigital.com.br\/index.php?rest_route=\/wp\/v2\/media\/95836"}],"wp:attachment":[{"href":"https:\/\/diarioregionaldigital.com.br\/index.php?rest_route=%2Fwp%2Fv2%2Fmedia&parent=128387"}],"wp:term":[{"taxonomy":"category","embeddable":true,"href":"https:\/\/diarioregionaldigital.com.br\/index.php?rest_route=%2Fwp%2Fv2%2Fcategories&post=128387"},{"taxonomy":"post_tag","embeddable":true,"href":"https:\/\/diarioregionaldigital.com.br\/index.php?rest_route=%2Fwp%2Fv2%2Ftags&post=128387"}],"curies":[{"name":"wp","href":"https:\/\/api.w.org\/{rel}","templated":true}]}}