{"id":128383,"date":"2018-12-14T09:43:20","date_gmt":"2018-12-14T11:43:20","guid":{"rendered":"https:\/\/diarioregionaldigital.com.br\/?p=128383"},"modified":"2018-12-14T09:43:20","modified_gmt":"2018-12-14T11:43:20","slug":"igp-10-fecha-ano-com-inflacao-de-792","status":"publish","type":"post","link":"https:\/\/diarioregionaldigital.com.br\/?p=128383","title":{"rendered":"IGP-10 fecha ano com infla\u00e7\u00e3o de 7,92%"},"content":{"rendered":"<p>O \u00cdndice Geral de Pre\u00e7os-10 (IGP-10) fechou o ano com infla\u00e7\u00e3o de 7,92% em 12 meses.\u00a0 A taxa \u00e9 superior ao observado em 2017, quando o \u00edndice encerrou o ano com defla\u00e7\u00e3o (queda de pre\u00e7os) de 0,42%, segundo a Funda\u00e7\u00e3o Getulio Vargas (FGV).<\/p>\n<p>Apesar da infla\u00e7\u00e3o acumulada em 12 meses, o IGP-10 teve em 2018 defla\u00e7\u00e3o de 1,23% em dezembro. Em novembro, o \u00edndice j\u00e1 havia tido queda de pre\u00e7os de 0,16%.<\/p>\n<p>Os pre\u00e7os no atacado e no varejo apresentaram queda em dezembro. O \u00cdndice de Pre\u00e7os ao Produtor Amplo, que mede o atacado, teve defla\u00e7\u00e3o de 1,83% em dezembro, depois de queda de pre\u00e7os de 0,37% em novembro.<\/p>\n<p>O \u00cdndice de Pre\u00e7os ao Consumidor, que mede o varejo, teve defla\u00e7\u00e3o de 0,09% em dezembro. Em novembro, o sub\u00edndice havia registrado infla\u00e7\u00e3o de 0,29%.<\/p>\n<p>Por outro lado, o \u00cdndice Nacional de Custo da Constru\u00e7\u00e3o teve infla\u00e7\u00e3o de 0,12% em dezembro. Mesmo com o aumento de pre\u00e7os, a taxa foi inferior \u00e0 registrada em novembro (0,27%).<\/p>\n","protected":false},"excerpt":{"rendered":"<p>O \u00cdndice Geral de Pre\u00e7os-10 (IGP-10) fechou o ano com infla\u00e7\u00e3o de 7,92% em 12 meses.\u00a0 A taxa \u00e9 superior ao observado em 2017, quando o \u00edndice encerrou o ano com defla\u00e7\u00e3o (queda de pre\u00e7os) de 0,42%, segundo a Funda\u00e7\u00e3o Getulio Vargas (FGV). Apesar da infla\u00e7\u00e3o acumulada em 12 meses, o IGP-10 teve em 2018 [&hellip;]<\/p>\n","protected":false},"author":96,"featured_media":0,"comment_status":"closed","ping_status":"closed","sticky":false,"template":"","format":"standard","meta":{"footnotes":""},"categories":[261,439],"tags":[],"class_list":["post-128383","post","type-post","status-publish","format-standard","hentry","category-economia","category-ultima-hora"],"_links":{"self":[{"href":"https:\/\/diarioregionaldigital.com.br\/index.php?rest_route=\/wp\/v2\/posts\/128383","targetHints":{"allow":["GET"]}}],"collection":[{"href":"https:\/\/diarioregionaldigital.com.br\/index.php?rest_route=\/wp\/v2\/posts"}],"about":[{"href":"https:\/\/diarioregionaldigital.com.br\/index.php?rest_route=\/wp\/v2\/types\/post"}],"author":[{"embeddable":true,"href":"https:\/\/diarioregionaldigital.com.br\/index.php?rest_route=\/wp\/v2\/users\/96"}],"replies":[{"embeddable":true,"href":"https:\/\/diarioregionaldigital.com.br\/index.php?rest_route=%2Fwp%2Fv2%2Fcomments&post=128383"}],"version-history":[{"count":0,"href":"https:\/\/diarioregionaldigital.com.br\/index.php?rest_route=\/wp\/v2\/posts\/128383\/revisions"}],"wp:attachment":[{"href":"https:\/\/diarioregionaldigital.com.br\/index.php?rest_route=%2Fwp%2Fv2%2Fmedia&parent=128383"}],"wp:term":[{"taxonomy":"category","embeddable":true,"href":"https:\/\/diarioregionaldigital.com.br\/index.php?rest_route=%2Fwp%2Fv2%2Fcategories&post=128383"},{"taxonomy":"post_tag","embeddable":true,"href":"https:\/\/diarioregionaldigital.com.br\/index.php?rest_route=%2Fwp%2Fv2%2Ftags&post=128383"}],"curies":[{"name":"wp","href":"https:\/\/api.w.org\/{rel}","templated":true}]}}