{"id":128377,"date":"2018-12-14T09:42:46","date_gmt":"2018-12-14T11:42:46","guid":{"rendered":"https:\/\/diarioregionaldigital.com.br\/?p=128377"},"modified":"2018-12-14T09:42:46","modified_gmt":"2018-12-14T11:42:46","slug":"menores-sao-apreendidos-por-trafico-de-drogas-no-bairro-marumbi","status":"publish","type":"post","link":"https:\/\/diarioregionaldigital.com.br\/?p=128377","title":{"rendered":"Menores s\u00e3o apreendidos por tr\u00e1fico de drogas no bairro Marumbi"},"content":{"rendered":"<p>Dois menores foram apreendidos nessa sexta-feira, 13, por tr\u00e1fico de drogas em Juiz de Fora.<\/p>\n<p>A Pol\u00edcia Militar chegou at\u00e9 os adolescentes gra\u00e7as a um taxista que desconfiou da atitude dos jovens durante uma corrida.<\/p>\n<p>Os autores solicitaram o servi\u00e7o do motorista na Rua Benjamin Constant, no Centro, e pediram para serem levados ao bairro Marumbi, na zona Leste. Durante o trajeto, o taxista observou que os menores estavam agindo de forma suspeita e decidiu fazer uma parada na base de seguran\u00e7a no destino final da viagem. Ao abordar os jovens, os policiais militares encontraram com eles 17 buchas de maconha e um simulacro de arma de fogo.<\/p>\n<p>Os dois foram apreendidos e oencaminhados \u00e0 delegacia junto de seus\u00a0 respons\u00e1veis legais.<\/p>\n","protected":false},"excerpt":{"rendered":"<p>Dois menores foram apreendidos nessa sexta-feira, 13, por tr\u00e1fico de drogas em Juiz de Fora. A Pol\u00edcia Militar chegou at\u00e9 os adolescentes gra\u00e7as a um taxista que desconfiou da atitude dos jovens durante uma corrida. Os autores solicitaram o servi\u00e7o do motorista na Rua Benjamin Constant, no Centro, e pediram para serem levados ao bairro [&hellip;]<\/p>\n","protected":false},"author":96,"featured_media":95836,"comment_status":"closed","ping_status":"closed","sticky":false,"template":"","format":"standard","meta":{"footnotes":""},"categories":[301],"tags":[],"class_list":["post-128377","post","type-post","status-publish","format-standard","has-post-thumbnail","hentry","category-artigos-policiais"],"_links":{"self":[{"href":"https:\/\/diarioregionaldigital.com.br\/index.php?rest_route=\/wp\/v2\/posts\/128377","targetHints":{"allow":["GET"]}}],"collection":[{"href":"https:\/\/diarioregionaldigital.com.br\/index.php?rest_route=\/wp\/v2\/posts"}],"about":[{"href":"https:\/\/diarioregionaldigital.com.br\/index.php?rest_route=\/wp\/v2\/types\/post"}],"author":[{"embeddable":true,"href":"https:\/\/diarioregionaldigital.com.br\/index.php?rest_route=\/wp\/v2\/users\/96"}],"replies":[{"embeddable":true,"href":"https:\/\/diarioregionaldigital.com.br\/index.php?rest_route=%2Fwp%2Fv2%2Fcomments&post=128377"}],"version-history":[{"count":0,"href":"https:\/\/diarioregionaldigital.com.br\/index.php?rest_route=\/wp\/v2\/posts\/128377\/revisions"}],"wp:featuredmedia":[{"embeddable":true,"href":"https:\/\/diarioregionaldigital.com.br\/index.php?rest_route=\/wp\/v2\/media\/95836"}],"wp:attachment":[{"href":"https:\/\/diarioregionaldigital.com.br\/index.php?rest_route=%2Fwp%2Fv2%2Fmedia&parent=128377"}],"wp:term":[{"taxonomy":"category","embeddable":true,"href":"https:\/\/diarioregionaldigital.com.br\/index.php?rest_route=%2Fwp%2Fv2%2Fcategories&post=128377"},{"taxonomy":"post_tag","embeddable":true,"href":"https:\/\/diarioregionaldigital.com.br\/index.php?rest_route=%2Fwp%2Fv2%2Ftags&post=128377"}],"curies":[{"name":"wp","href":"https:\/\/api.w.org\/{rel}","templated":true}]}}