{"id":128371,"date":"2018-12-14T09:25:50","date_gmt":"2018-12-14T11:25:50","guid":{"rendered":"https:\/\/diarioregionaldigital.com.br\/?p=128371"},"modified":"2018-12-14T09:29:46","modified_gmt":"2018-12-14T11:29:46","slug":"bolsonaro-quer-doar-mais-de-r1-milhao-de-sobras-de-campanha","status":"publish","type":"post","link":"https:\/\/diarioregionaldigital.com.br\/?p=128371","title":{"rendered":"Bolsonaro quer doar mais de R$1 milh\u00e3o de sobras de campanha"},"content":{"rendered":"<p>Nesta sexta-feira, 14, o presidente eleito, Jair Bolsonaro, usou sua conta no titter para informar que pretende doar as\u00a0<a href=\"http:\/\/agenciabrasil.ebc.com.br\/politica\/noticia\/2018-11\/psl-entrega-prestacao-de-contas-retificadora-da-campanha-de-bolsonaro\" target=\"_blank\" rel=\"noopener\">sobras de campanha\u00a0<\/a>para institui\u00e7\u00f5es de caridade. Segundo ele, restou mais de R$1 milh\u00e3o.<\/p>\n<p>\u201cContinuamos fazendo gest\u00f5es para viabilizar a doa\u00e7\u00e3o do restante dos recursos arrecadados em campanha n\u00e3o utilizados (+ de R$ 1.000.000) \u00e0s institui\u00e7\u00f5es beneficentes ao inv\u00e9s deste valor ficar preso ao partido.\u201d<\/p>\n<p>O\u00a0<a href=\"http:\/\/agenciabrasil.ebc.com.br\/politica\/noticia\/2018-11\/defesa-de-bolsonaro-tem-3-dias-para-explcar-inconsistencia-de-contas\" target=\"_blank\" rel=\"noopener\">relat\u00f3rio final do PSL<\/a>\u00a0apresentado ao TSE diz que a campanha do presidente eleito teve R$4,377 milh\u00f5es em receitas, sendo R$ 3,728 milh\u00f5es recebidos na modalidade \u201cfinanciamento coletivo\u201d.<\/p>\n<p>Advogados de Bolsonaro consultaram o Tribunal Superior Eleitoral (TSE) sobre a possibilidade de doa\u00e7\u00f5es para entidades beneficentes.<\/p>\n<p>A\u00a0\u00a0<a href=\"http:\/\/www.tse.jus.br\/legislacao-tse\/res\/2017\/RES235532017.html\" target=\"_blank\" rel=\"noopener\">Resolu\u00e7\u00e3o 23.553\/2017<\/a>\u00a0do TSE define que os partidos pol\u00edticos s\u00e3o respons\u00e1veis pela transfer\u00eancia de eventuais sobras de campanha. O cap\u00edtulo 2 da resolu\u00e7\u00e3o trata exclusivamente sobre \u201csobras de campanha\u201d.<\/p>\n<p><em>Fonte: Ag\u00eancia Brasil<\/em><\/p>\n","protected":false},"excerpt":{"rendered":"<p>Nesta sexta-feira, 14, o presidente eleito, Jair Bolsonaro, usou sua conta no titter para informar que pretende doar as\u00a0sobras de campanha\u00a0para institui\u00e7\u00f5es de caridade. Segundo ele, restou mais de R$1 milh\u00e3o. \u201cContinuamos fazendo gest\u00f5es para viabilizar a doa\u00e7\u00e3o do restante dos recursos arrecadados em campanha n\u00e3o utilizados (+ de R$ 1.000.000) \u00e0s institui\u00e7\u00f5es beneficentes ao [&hellip;]<\/p>\n","protected":false},"author":96,"featured_media":0,"comment_status":"closed","ping_status":"closed","sticky":false,"template":"","format":"standard","meta":{"footnotes":""},"categories":[254,439],"tags":[],"class_list":["post-128371","post","type-post","status-publish","format-standard","hentry","category-politica","category-ultima-hora"],"_links":{"self":[{"href":"https:\/\/diarioregionaldigital.com.br\/index.php?rest_route=\/wp\/v2\/posts\/128371","targetHints":{"allow":["GET"]}}],"collection":[{"href":"https:\/\/diarioregionaldigital.com.br\/index.php?rest_route=\/wp\/v2\/posts"}],"about":[{"href":"https:\/\/diarioregionaldigital.com.br\/index.php?rest_route=\/wp\/v2\/types\/post"}],"author":[{"embeddable":true,"href":"https:\/\/diarioregionaldigital.com.br\/index.php?rest_route=\/wp\/v2\/users\/96"}],"replies":[{"embeddable":true,"href":"https:\/\/diarioregionaldigital.com.br\/index.php?rest_route=%2Fwp%2Fv2%2Fcomments&post=128371"}],"version-history":[{"count":0,"href":"https:\/\/diarioregionaldigital.com.br\/index.php?rest_route=\/wp\/v2\/posts\/128371\/revisions"}],"wp:attachment":[{"href":"https:\/\/diarioregionaldigital.com.br\/index.php?rest_route=%2Fwp%2Fv2%2Fmedia&parent=128371"}],"wp:term":[{"taxonomy":"category","embeddable":true,"href":"https:\/\/diarioregionaldigital.com.br\/index.php?rest_route=%2Fwp%2Fv2%2Fcategories&post=128371"},{"taxonomy":"post_tag","embeddable":true,"href":"https:\/\/diarioregionaldigital.com.br\/index.php?rest_route=%2Fwp%2Fv2%2Ftags&post=128371"}],"curies":[{"name":"wp","href":"https:\/\/api.w.org\/{rel}","templated":true}]}}