{"id":128369,"date":"2018-12-14T06:00:10","date_gmt":"2018-12-14T08:00:10","guid":{"rendered":"https:\/\/diarioregionaldigital.com.br\/?p=128369"},"modified":"2018-12-14T09:19:19","modified_gmt":"2018-12-14T11:19:19","slug":"empav-intensifica-operacao-tapa-buracos-na-cidade","status":"publish","type":"post","link":"https:\/\/diarioregionaldigital.com.br\/?p=128369","title":{"rendered":"Empav intensifica opera\u00e7\u00e3o tapa-buracos na cidade"},"content":{"rendered":"<p>Nessa quinta-feira, 13, a Empresa Municipal de Pavimenta\u00e7\u00e3o e Urbaniza\u00e7\u00e3o (Empav) intensificou a opera\u00e7\u00e3o tapa-buracos em Juiz de Fora, tendo como prioridade os corredores de transporte urbano. As equipes realizaram trabalhos nas seguintes vias: avenidas Ant\u00f4nio Miranda, na Vila Ideal; Eug\u00eanio do Nascimento e Rua Jos\u00e9 Apol\u00f4nio dos Reis, no Bairro Aeroporto; Avenida dos Andradas e Rua Engenheiro Jos\u00e9 Carlos de Moraes Sarmento, no Santa Catarina; ruas Tupi, Daniel Ribeiro, Josu\u00e9 de Queiroz e Cust\u00f3dio Trist\u00e3o, no Santa Terezinha; Avenida Ant\u00f4nio Sim\u00e3o Firjan, no Distrito Industrial; Rua Azul, no Milho Branco; Avenida JK e no Acesso Norte, na altura de Benfica; Estrada Engenheiro Gentil Forn, no Morro do Cristo; Rua Henrique Burnier, no Mariano Proc\u00f3pio; Rua Onofre de Oliveira Sales, no Santa Maria; e Avenida Deusdedit Salgado, no Teixeiras.<\/p>\n<p>Durante a semana foram atendidos tamb\u00e9m os seguintes locais: Rua Geraldo Vilela, no Bairro J\u00f3quei Clube; Acesso Norte (entre Barbosa Lage e o Atacad\u00e3o); Rua Jos\u00e9 Teixeira, na Cidade do Sol; Avenida Brasil, na altura do S\u00e3o Dimas; ruas da Bahia, Herculano Pena, Os\u00f3rio de Almeida, Sinval Corr\u00eaa e Avenida Brasil, no Po\u00e7o Rico; Avenida Bar\u00e3o do Rio Branco, pr\u00f3ximo ao Carrefour; Rua Ministro Amar\u00edlio Lopes Salgado e avenidas Presidente Itamar Franco e Deusdedit Salgado, no Cascatinha; ruas J\u00falio Menini, Jos\u00e9 Louren\u00e7o e Ant\u00f4nio Fellet, no Borboleta; ruas Dom Silv\u00e9rio e Belmiro Braga, no Altos dos Passos; Rua Eurico Viana, no Vila Alpina.<\/p>\n<p><em>Fonte: Assessoria<\/em><\/p>\n","protected":false},"excerpt":{"rendered":"<p>Nessa quinta-feira, 13, a Empresa Municipal de Pavimenta\u00e7\u00e3o e Urbaniza\u00e7\u00e3o (Empav) intensificou a opera\u00e7\u00e3o tapa-buracos em Juiz de Fora, tendo como prioridade os corredores de transporte urbano. As equipes realizaram trabalhos nas seguintes vias: avenidas Ant\u00f4nio Miranda, na Vila Ideal; Eug\u00eanio do Nascimento e Rua Jos\u00e9 Apol\u00f4nio dos Reis, no Bairro Aeroporto; Avenida dos Andradas [&hellip;]<\/p>\n","protected":false},"author":96,"featured_media":127937,"comment_status":"closed","ping_status":"closed","sticky":false,"template":"","format":"standard","meta":{"footnotes":""},"categories":[253,436,440,439],"tags":[],"class_list":["post-128369","post","type-post","status-publish","format-standard","has-post-thumbnail","hentry","category-cidade","category-destaque-da-semana","category-destaques-do-dia","category-ultima-hora"],"_links":{"self":[{"href":"https:\/\/diarioregionaldigital.com.br\/index.php?rest_route=\/wp\/v2\/posts\/128369","targetHints":{"allow":["GET"]}}],"collection":[{"href":"https:\/\/diarioregionaldigital.com.br\/index.php?rest_route=\/wp\/v2\/posts"}],"about":[{"href":"https:\/\/diarioregionaldigital.com.br\/index.php?rest_route=\/wp\/v2\/types\/post"}],"author":[{"embeddable":true,"href":"https:\/\/diarioregionaldigital.com.br\/index.php?rest_route=\/wp\/v2\/users\/96"}],"replies":[{"embeddable":true,"href":"https:\/\/diarioregionaldigital.com.br\/index.php?rest_route=%2Fwp%2Fv2%2Fcomments&post=128369"}],"version-history":[{"count":0,"href":"https:\/\/diarioregionaldigital.com.br\/index.php?rest_route=\/wp\/v2\/posts\/128369\/revisions"}],"wp:featuredmedia":[{"embeddable":true,"href":"https:\/\/diarioregionaldigital.com.br\/index.php?rest_route=\/wp\/v2\/media\/127937"}],"wp:attachment":[{"href":"https:\/\/diarioregionaldigital.com.br\/index.php?rest_route=%2Fwp%2Fv2%2Fmedia&parent=128369"}],"wp:term":[{"taxonomy":"category","embeddable":true,"href":"https:\/\/diarioregionaldigital.com.br\/index.php?rest_route=%2Fwp%2Fv2%2Fcategories&post=128369"},{"taxonomy":"post_tag","embeddable":true,"href":"https:\/\/diarioregionaldigital.com.br\/index.php?rest_route=%2Fwp%2Fv2%2Ftags&post=128369"}],"curies":[{"name":"wp","href":"https:\/\/api.w.org\/{rel}","templated":true}]}}