{"id":128367,"date":"2018-12-14T09:11:36","date_gmt":"2018-12-14T11:11:36","guid":{"rendered":"https:\/\/diarioregionaldigital.com.br\/?p=128367"},"modified":"2018-12-14T09:11:36","modified_gmt":"2018-12-14T11:11:36","slug":"desafio-ufjf-em-detalhes-oferece-r1-mil-em-premios","status":"publish","type":"post","link":"https:\/\/diarioregionaldigital.com.br\/?p=128367","title":{"rendered":"Desafio UFJF em Detalhes oferece R$1 mil em pr\u00eamios"},"content":{"rendered":"<p>Voc\u00ea conhece o campus da Universidade Federal de Juiz de Fora como a palma da sua m\u00e3o? Reconhece os espa\u00e7os administrados pela Universidade fora do nosso campus? Para comemorar os 58 da institui\u00e7\u00e3o \u2013 celebrados no dia 23 de dezembro \u2013 \u00a0a UFJF, por meio da Diretoria de Imagem Institucional, lan\u00e7a o desafio \u201cUFJF em Detalhes\u201d. O concurso ir\u00e1 distribuir R$1 mil em pr\u00eamios para aqueles que conseguirem reconhecer o maior n\u00famero de locais da UFJF, a partir de fotos divulgadas nas redes sociais da institui\u00e7\u00e3o.<\/p>\n<p>As fotos est\u00e3o publicadas no\u00a0<a href=\"https:\/\/www.instagram.com\/ufjf\/\">Instagram<\/a>\u00a0e no\u00a0<a href=\"https:\/\/www.facebook.com\/ufjfoficial\">Facebook<\/a>\u00a0da UFJF desde as 16h desta quinta-feira, 13, e registram particularidades de dez pontos localizados dentro e fora do campus. Para concorrer, os interessados dever\u00e3o seguir as redes sociais da Universidade, marcar dois amigos nas respectivas postagens (n\u00e3o ser\u00e3o aceitas marca\u00e7\u00f5es de perfis empresariais ou de famosos), al\u00e9m de preencher o formul\u00e1rio de inscri\u00e7\u00e3o com seus dados pessoais e seus palpites. O link para o formul\u00e1rio ser\u00e1 disponibilizado no post de lan\u00e7amento do concurso no Facebook e na Biografia do Instagram. Podem participar alunos regularmente matriculados nos cursos de gradua\u00e7\u00e3o e p\u00f3s-gradua\u00e7\u00e3o, docentes, t\u00e9cnicos-administrativos em educa\u00e7\u00e3o (TAEs) e funcion\u00e1rios terceirizados, que comprovem v\u00ednculo com a Universidade.<\/p>\n<p>Os tr\u00eas primeiros inscritos que acertarem o total de respostas \u2013 ou a maior parcial, em caso de n\u00e3o haver pelo menos tr\u00eas participantes que respondam corretamente a totalidade das fotos \u2013 ser\u00e3o premiados com as quantias de R$500, R$300 e R$200, respectivamente. Eles tamb\u00e9m receber\u00e3o um kit de livros da Editora UFJF, juntamente com\u00a0colocados em quarto e quinto lugares. Os\u00a0<a href=\"http:\/\/bit.ly\/form_UFJFemDetalhes\">formul\u00e1rios<\/a>\u00a0podem ser enviados entre as 16h desta quinta-feira, dia 13, at\u00e9 as 17h do dia 19 de dezembro. Os ganhadores ser\u00e3o conhecidos no dia seguinte, 20, tamb\u00e9m \u00e0s 17h.<\/p>\n<p>O desafio tem como principal objetivo valorizar a pluralidade de espa\u00e7os geridos pela Universidade.\u00a0<a href=\"https:\/\/www2.ufjf.br\/noticias\/wp-content\/uploads\/sites\/2\/2018\/12\/edital_ufjf-em-detalhes.pdf\">Confira o regulamento.<\/a><\/p>\n<p><em>Fonte: Assessoria<\/em><\/p>\n","protected":false},"excerpt":{"rendered":"<p>Voc\u00ea conhece o campus da Universidade Federal de Juiz de Fora como a palma da sua m\u00e3o? Reconhece os espa\u00e7os administrados pela Universidade fora do nosso campus? Para comemorar os 58 da institui\u00e7\u00e3o \u2013 celebrados no dia 23 de dezembro \u2013 \u00a0a UFJF, por meio da Diretoria de Imagem Institucional, lan\u00e7a o desafio \u201cUFJF em [&hellip;]<\/p>\n","protected":false},"author":96,"featured_media":125741,"comment_status":"closed","ping_status":"closed","sticky":false,"template":"","format":"standard","meta":{"footnotes":""},"categories":[253],"tags":[],"class_list":["post-128367","post","type-post","status-publish","format-standard","has-post-thumbnail","hentry","category-cidade"],"_links":{"self":[{"href":"https:\/\/diarioregionaldigital.com.br\/index.php?rest_route=\/wp\/v2\/posts\/128367","targetHints":{"allow":["GET"]}}],"collection":[{"href":"https:\/\/diarioregionaldigital.com.br\/index.php?rest_route=\/wp\/v2\/posts"}],"about":[{"href":"https:\/\/diarioregionaldigital.com.br\/index.php?rest_route=\/wp\/v2\/types\/post"}],"author":[{"embeddable":true,"href":"https:\/\/diarioregionaldigital.com.br\/index.php?rest_route=\/wp\/v2\/users\/96"}],"replies":[{"embeddable":true,"href":"https:\/\/diarioregionaldigital.com.br\/index.php?rest_route=%2Fwp%2Fv2%2Fcomments&post=128367"}],"version-history":[{"count":0,"href":"https:\/\/diarioregionaldigital.com.br\/index.php?rest_route=\/wp\/v2\/posts\/128367\/revisions"}],"wp:featuredmedia":[{"embeddable":true,"href":"https:\/\/diarioregionaldigital.com.br\/index.php?rest_route=\/wp\/v2\/media\/125741"}],"wp:attachment":[{"href":"https:\/\/diarioregionaldigital.com.br\/index.php?rest_route=%2Fwp%2Fv2%2Fmedia&parent=128367"}],"wp:term":[{"taxonomy":"category","embeddable":true,"href":"https:\/\/diarioregionaldigital.com.br\/index.php?rest_route=%2Fwp%2Fv2%2Fcategories&post=128367"},{"taxonomy":"post_tag","embeddable":true,"href":"https:\/\/diarioregionaldigital.com.br\/index.php?rest_route=%2Fwp%2Fv2%2Ftags&post=128367"}],"curies":[{"name":"wp","href":"https:\/\/api.w.org\/{rel}","templated":true}]}}