{"id":128363,"date":"2018-12-14T08:55:28","date_gmt":"2018-12-14T10:55:28","guid":{"rendered":"https:\/\/diarioregionaldigital.com.br\/?p=128363"},"modified":"2018-12-14T08:56:41","modified_gmt":"2018-12-14T10:56:41","slug":"corredor-cultural-comeca-nesta-sexta-feira-celebrando-o-aniversario-de-40-anos-da-funalfa","status":"publish","type":"post","link":"https:\/\/diarioregionaldigital.com.br\/?p=128363","title":{"rendered":"&#8220;Corredor Cultural&#8221; come\u00e7a nesta sexta-feira celebrando o anivers\u00e1rio de 40 anos da Funalfa"},"content":{"rendered":"<p>Faltam poucas horas para o in\u00edcio do \u201cCorredor Cultural\u201d, que vai promover a ocupa\u00e7\u00e3o da cidade com arte e cultura. Ser\u00e3o 75 eventos, somando mais de cem atra\u00e7\u00f5es, em todas as regi\u00f5es de Juiz de Fora, de sexta-feira, 14,\u00a0 a domingo, 16. A abertura da maratona coincide com a data em que a Funda\u00e7\u00e3o Cultural \u201cAlfredo Ferreira Lage\u201d (Funalfa) completa 40 anos. Primeira funda\u00e7\u00e3o cultural de Minas respons\u00e1vel pela gest\u00e3o cultural de um munic\u00edpio, a Funalfa foi regulamentada em 14 de dezembro de 1978.<\/p>\n<p>Reafirmando o car\u00e1ter de pluralidade, o \u201cCorredor Cultural\u201d oferece atra\u00e7\u00f5es nos segmentos de teatro, circo, dan\u00e7a, m\u00fasica, games, cinema, m\u00fasica, literatura, performances, m\u00e1gica, moda, gastronomia, conta\u00e7\u00e3o de hist\u00f3rias, batalha po\u00e9tica, discotecagem e artes visuais. Todas as atividades s\u00e3o gratuitas, e as a\u00e7\u00f5es acontecem em 32 espa\u00e7os, incluindo centros culturais, museus, campo de futebol, pra\u00e7as, ruas e galerias. A proposta \u00e9 incentivar a popula\u00e7\u00e3o a circular pelos bairros para curtir as atra\u00e7\u00f5es.<\/p>\n<p>O \u201cCorredor Cultural 2018\u201d \u00e9 a primeira parceria p\u00fablico-privada da Funalfa. Sua realiza\u00e7\u00e3o foi viabilizada com apoio da Unimed Juiz de Fora, que atendeu ao \u201cEdital de Chamamento P\u00fablico para Capta\u00e7\u00e3o de Patroc\u00ednio\u201d. O patroc\u00ednio se deu por meio da Lei Rouanet.<\/p>\n<p><b>Pa\u00e7o Municipal<\/b><\/p>\n<p>Em sua d\u00e9cima edi\u00e7\u00e3o, o \u201cCorredor Cultural\u201d tamb\u00e9m comemora os cem anos do Pa\u00e7o Municipal, sede da Funalfa, um dos im\u00f3veis mais representativos da arquitetura e da hist\u00f3ria da cidade. O pr\u00e9dio foi constru\u00eddo com base em projeto de Rafael Arcuri, da Companhia Pantaleone Arcuri &amp; Spinelli, por ordem do agente executivo (cargo equivalente ao de prefeito) Jos\u00e9 Proc\u00f3pio Teixeira.<\/p>\n<p>Aos 93 anos, o empres\u00e1rio Maur\u00edcio Teixeira, neto de Jos\u00e9 Proc\u00f3pio, \u00e9 hoje o descendente mais pr\u00f3ximo. \u201cMeu av\u00f4 acompanhou pessoalmente a constru\u00e7\u00e3o, e muitos detalhes do im\u00f3vel se concretizaram por influ\u00eancia pessoal dele, embora n\u00e3o fosse engenheiro. Ele sempre foi um homem preocupado com a moderniza\u00e7\u00e3o da vida na cidade e visitava a obra a cavalo\u201d.<\/p>\n<p>Representante do Instituto Hist\u00f3rico e Geogr\u00e1fico de Juiz de Fora no Conselho Municipal de Preserva\u00e7\u00e3o do Patrim\u00f4nio Cultural (Comppac), o jornalista Wilson Cid observa que, ao valor arquitet\u00f4nico do im\u00f3vel, soma-se o fato de ele ter sido cen\u00e1rio de v\u00e1rios acontecimentos pol\u00edticos. Segundo ele, s\u00e3o muitas as curiosidades que rondam essa hist\u00f3ria centen\u00e1ria. Em maio de 1963, o ent\u00e3o presidente Jo\u00e3o Goulart passou pelo Parque Halfeld e elogiou a beleza da constru\u00e7\u00e3o. Ainda entre os presidentes que se encantaram com a arquitetura do im\u00f3vel est\u00e1 Juscelino Kubitschek.<\/p>\n<p>A banca de jornais \u201cPioneira\u201d, que come\u00e7ou a funcionar nove anos depois da inaugura\u00e7\u00e3o do Pa\u00e7o, \u00e9 uma das mais antigas vizinhas do pr\u00e9dio hist\u00f3rico, juntamente com o Pal\u00e1cio Barbosa Lima, sede da C\u00e2mara Municipal. Sempre administrada pela fam\u00edlia Caruso, a banca tem como atual propriet\u00e1rio J\u00falio Caruso que, no ano passado, ao comemorar os 90 anos do empreendimento, acentuou o orgulho da fam\u00edlia de fazer parte de uma paisagem t\u00e3o importante para a cidade.<\/p>\n","protected":false},"excerpt":{"rendered":"<p>Faltam poucas horas para o in\u00edcio do \u201cCorredor Cultural\u201d, que vai promover a ocupa\u00e7\u00e3o da cidade com arte e cultura. Ser\u00e3o 75 eventos, somando mais de cem atra\u00e7\u00f5es, em todas as regi\u00f5es de Juiz de Fora, de sexta-feira, 14,\u00a0 a domingo, 16. A abertura da maratona coincide com a data em que a Funda\u00e7\u00e3o Cultural [&hellip;]<\/p>\n","protected":false},"author":96,"featured_media":0,"comment_status":"closed","ping_status":"closed","sticky":false,"template":"","format":"standard","meta":{"footnotes":""},"categories":[256,436,440,439],"tags":[],"class_list":["post-128363","post","type-post","status-publish","format-standard","hentry","category-cultura","category-destaque-da-semana","category-destaques-do-dia","category-ultima-hora"],"_links":{"self":[{"href":"https:\/\/diarioregionaldigital.com.br\/index.php?rest_route=\/wp\/v2\/posts\/128363","targetHints":{"allow":["GET"]}}],"collection":[{"href":"https:\/\/diarioregionaldigital.com.br\/index.php?rest_route=\/wp\/v2\/posts"}],"about":[{"href":"https:\/\/diarioregionaldigital.com.br\/index.php?rest_route=\/wp\/v2\/types\/post"}],"author":[{"embeddable":true,"href":"https:\/\/diarioregionaldigital.com.br\/index.php?rest_route=\/wp\/v2\/users\/96"}],"replies":[{"embeddable":true,"href":"https:\/\/diarioregionaldigital.com.br\/index.php?rest_route=%2Fwp%2Fv2%2Fcomments&post=128363"}],"version-history":[{"count":0,"href":"https:\/\/diarioregionaldigital.com.br\/index.php?rest_route=\/wp\/v2\/posts\/128363\/revisions"}],"wp:attachment":[{"href":"https:\/\/diarioregionaldigital.com.br\/index.php?rest_route=%2Fwp%2Fv2%2Fmedia&parent=128363"}],"wp:term":[{"taxonomy":"category","embeddable":true,"href":"https:\/\/diarioregionaldigital.com.br\/index.php?rest_route=%2Fwp%2Fv2%2Fcategories&post=128363"},{"taxonomy":"post_tag","embeddable":true,"href":"https:\/\/diarioregionaldigital.com.br\/index.php?rest_route=%2Fwp%2Fv2%2Ftags&post=128363"}],"curies":[{"name":"wp","href":"https:\/\/api.w.org\/{rel}","templated":true}]}}