{"id":128347,"date":"2018-12-14T10:00:06","date_gmt":"2018-12-14T12:00:06","guid":{"rendered":"https:\/\/diarioregionaldigital.com.br\/?p=128347"},"modified":"2018-12-15T13:14:43","modified_gmt":"2018-12-15T15:14:43","slug":"colegio-pio-xii-forma-mais-de-70-alunos-em-cerimonia-no-mhall","status":"publish","type":"post","link":"https:\/\/diarioregionaldigital.com.br\/?p=128347","title":{"rendered":"Col\u00e9gio Pio XII forma mais de 70 alunos em Cerim\u00f4nia no MHall"},"content":{"rendered":"<p>A formatura dos alunos t\u00e9cnicos do Col\u00e9gio Polit\u00e9cnico Pio XII movimentou a noite dessa quinta-feira, 12, no MHall Espa\u00e7o de Eventos, no bairro Mariano Proc\u00f3pio.<\/p>\n<p>Com muita alegria e emo\u00e7\u00e3o mais de 70 estudantes dos cursos t\u00e9cnicos do Pio XII puderam efetivamente colocar a m\u00e3o em seus diplomas. A institui\u00e7\u00e3o que comemorou 50 anos de funda\u00e7\u00e3o e refer\u00eancia na cidade, teve na figura da presidente da institui\u00e7\u00e3o, Jane Arag\u00e3o, mais uma formatura lotada e com muita emo\u00e7\u00e3o.<\/p>\n<p>Os estudantes compareceram ao evento acompanhado de seus familiares e amigos, al\u00e9m de toda a equipe pedag\u00f3gica do Pio XII. A partir de agora os alunos dos t\u00e9cnicos de Administra\u00e7\u00e3o, Contabilidade, Enfermagem e Seguran\u00e7a do Trabalho j\u00e1 podem iniciar suas atividades profissionais, gabaritados por terem cursado um \u00f3timo ensino te\u00f3rico e pr\u00e1tico oferecidos pelo Pio XII.<\/p>\n<p>Para o ano letivo de 2019, as vagas j\u00e1 est\u00e3o abertas. Matr\u00edculas e informa\u00e7\u00f5es pelo telefone 32 3215-6701, ou pelo site, (www.colegiopioxiijf.com.br).<\/p>\n","protected":false},"excerpt":{"rendered":"<p>A formatura dos alunos t\u00e9cnicos do Col\u00e9gio Polit\u00e9cnico Pio XII movimentou a noite dessa quinta-feira, 12, no MHall Espa\u00e7o de Eventos, no bairro Mariano Proc\u00f3pio. Com muita alegria e emo\u00e7\u00e3o mais de 70 estudantes dos cursos t\u00e9cnicos do Pio XII puderam efetivamente colocar a m\u00e3o em seus diplomas. A institui\u00e7\u00e3o que comemorou 50 anos de [&hellip;]<\/p>\n","protected":false},"author":96,"featured_media":128348,"comment_status":"closed","ping_status":"closed","sticky":false,"template":"","format":"standard","meta":{"footnotes":""},"categories":[253,436,439],"tags":[],"class_list":["post-128347","post","type-post","status-publish","format-standard","has-post-thumbnail","hentry","category-cidade","category-destaque-da-semana","category-ultima-hora"],"_links":{"self":[{"href":"https:\/\/diarioregionaldigital.com.br\/index.php?rest_route=\/wp\/v2\/posts\/128347","targetHints":{"allow":["GET"]}}],"collection":[{"href":"https:\/\/diarioregionaldigital.com.br\/index.php?rest_route=\/wp\/v2\/posts"}],"about":[{"href":"https:\/\/diarioregionaldigital.com.br\/index.php?rest_route=\/wp\/v2\/types\/post"}],"author":[{"embeddable":true,"href":"https:\/\/diarioregionaldigital.com.br\/index.php?rest_route=\/wp\/v2\/users\/96"}],"replies":[{"embeddable":true,"href":"https:\/\/diarioregionaldigital.com.br\/index.php?rest_route=%2Fwp%2Fv2%2Fcomments&post=128347"}],"version-history":[{"count":0,"href":"https:\/\/diarioregionaldigital.com.br\/index.php?rest_route=\/wp\/v2\/posts\/128347\/revisions"}],"wp:featuredmedia":[{"embeddable":true,"href":"https:\/\/diarioregionaldigital.com.br\/index.php?rest_route=\/wp\/v2\/media\/128348"}],"wp:attachment":[{"href":"https:\/\/diarioregionaldigital.com.br\/index.php?rest_route=%2Fwp%2Fv2%2Fmedia&parent=128347"}],"wp:term":[{"taxonomy":"category","embeddable":true,"href":"https:\/\/diarioregionaldigital.com.br\/index.php?rest_route=%2Fwp%2Fv2%2Fcategories&post=128347"},{"taxonomy":"post_tag","embeddable":true,"href":"https:\/\/diarioregionaldigital.com.br\/index.php?rest_route=%2Fwp%2Fv2%2Ftags&post=128347"}],"curies":[{"name":"wp","href":"https:\/\/api.w.org\/{rel}","templated":true}]}}