{"id":128328,"date":"2018-12-16T06:00:35","date_gmt":"2018-12-16T08:00:35","guid":{"rendered":"https:\/\/diarioregionaldigital.com.br\/?p=128328"},"modified":"2018-12-13T21:50:31","modified_gmt":"2018-12-13T23:50:31","slug":"128328","status":"publish","type":"post","link":"https:\/\/diarioregionaldigital.com.br\/?p=128328","title":{"rendered":"Anivers\u00e1rio com Folia"},"content":{"rendered":"<p style=\"text-align: center;\"><strong>Educa\u00e7\u00e3o<\/strong><\/p>\n<p style=\"text-align: center;\">Uma boa not\u00edcia chegou para alegrar o final do ano dos alunos da Escola Estadual Almirante Barroso, com sede em Benfica. A institui\u00e7\u00e3o da zona Norte foi selecionada para representar Juiz de Fora com outros estabelecimentos da Zona da Mata pelo Sebrae no projeto Educa\u00e7\u00e3o Empreendedora. Parab\u00e9ns.<\/p>\n<p style=\"text-align: center;\"><strong>Pura Arte<\/strong><\/p>\n<p style=\"text-align: center;\">Juntando doses de criatividade, Washington da Silva causa impacto visual com seus trabalhos na mostra \u201cA fotografia em di\u00e1logo com seu tempo\u201d. Ele usa o olhar sobre objetos e cen\u00e1rios de locais distintos e sua inspira\u00e7\u00e3o na programa\u00e7\u00e3o do Festival de Fotografia de Juiz de Fora, no CCBM, at\u00e9 dia 22.<\/p>\n<p style=\"text-align: center;\"><span style=\"font-size: 14pt;\"><strong>Anivers\u00e1rio com Folia<\/strong><\/span><\/p>\n<p style=\"text-align: center;\">O jovem empres\u00e1rio e arquiteto Lucas Lorhan recebeu amigos e familiares em sua resid\u00eancia no Bom Jardim, em ritmo de carnaval. A alegria das presen\u00e7as e o show de Regininha Ferreira com puro samba colocou todos para dan\u00e7ar. As fotos registram os 27 anos de Lucas.<\/p>\n<div id=\"attachment_128304\" style=\"width: 690px\" class=\"wp-caption aligncenter\"><img loading=\"lazy\" decoding=\"async\" aria-describedby=\"caption-attachment-128304\" class=\"wp-image-128304\" src=\"https:\/\/diarioregionaldigital.com.br\/wp-content\/uploads\/2018\/12\/fotoa-9.jpg\" alt=\"\" width=\"680\" height=\"459\" srcset=\"https:\/\/diarioregionaldigital.com.br\/wp-content\/uploads\/2018\/12\/fotoa-9.jpg 1752w, https:\/\/diarioregionaldigital.com.br\/wp-content\/uploads\/2018\/12\/fotoa-9-300x202.jpg 300w, https:\/\/diarioregionaldigital.com.br\/wp-content\/uploads\/2018\/12\/fotoa-9-768x518.jpg 768w, https:\/\/diarioregionaldigital.com.br\/wp-content\/uploads\/2018\/12\/fotoa-9-1024x691.jpg 1024w, https:\/\/diarioregionaldigital.com.br\/wp-content\/uploads\/2018\/12\/fotoa-9-360x243.jpg 360w\" sizes=\"auto, (max-width: 680px) 100vw, 680px\" \/><p id=\"caption-attachment-128304\" class=\"wp-caption-text\">Lucas Lorhan com seus pais Nelson e S\u00f4nia<\/p><\/div>\n<div id=\"attachment_128305\" style=\"width: 690px\" class=\"wp-caption aligncenter\"><img loading=\"lazy\" decoding=\"async\" aria-describedby=\"caption-attachment-128305\" class=\"wp-image-128305\" src=\"https:\/\/diarioregionaldigital.com.br\/wp-content\/uploads\/2018\/12\/fotob-9-e1544744849358.jpg\" alt=\"\" width=\"680\" height=\"482\" srcset=\"https:\/\/diarioregionaldigital.com.br\/wp-content\/uploads\/2018\/12\/fotob-9-e1544744849358.jpg 960w, https:\/\/diarioregionaldigital.com.br\/wp-content\/uploads\/2018\/12\/fotob-9-e1544744849358-300x213.jpg 300w, https:\/\/diarioregionaldigital.com.br\/wp-content\/uploads\/2018\/12\/fotob-9-e1544744849358-768x545.jpg 768w, https:\/\/diarioregionaldigital.com.br\/wp-content\/uploads\/2018\/12\/fotob-9-e1544744849358-750x530.jpg 750w, https:\/\/diarioregionaldigital.com.br\/wp-content\/uploads\/2018\/12\/fotob-9-e1544744849358-360x255.jpg 360w, https:\/\/diarioregionaldigital.com.br\/wp-content\/uploads\/2018\/12\/fotob-9-e1544744849358-100x70.jpg 100w\" sizes=\"auto, (max-width: 680px) 100vw, 680px\" \/><p id=\"caption-attachment-128305\" class=\"wp-caption-text\">Mariana Bontempo, Lucas Lorhan, Isabela Duarte<\/p><\/div>\n<div id=\"attachment_128306\" style=\"width: 690px\" class=\"wp-caption aligncenter\"><img loading=\"lazy\" decoding=\"async\" aria-describedby=\"caption-attachment-128306\" class=\"wp-image-128306\" src=\"https:\/\/diarioregionaldigital.com.br\/wp-content\/uploads\/2018\/12\/fotoc-9-e1544744688938.jpg\" alt=\"\" width=\"680\" height=\"489\" srcset=\"https:\/\/diarioregionaldigital.com.br\/wp-content\/uploads\/2018\/12\/fotoc-9-e1544744688938.jpg 960w, https:\/\/diarioregionaldigital.com.br\/wp-content\/uploads\/2018\/12\/fotoc-9-e1544744688938-300x216.jpg 300w, https:\/\/diarioregionaldigital.com.br\/wp-content\/uploads\/2018\/12\/fotoc-9-e1544744688938-768x553.jpg 768w, https:\/\/diarioregionaldigital.com.br\/wp-content\/uploads\/2018\/12\/fotoc-9-e1544744688938-360x259.jpg 360w\" sizes=\"auto, (max-width: 680px) 100vw, 680px\" \/><p id=\"caption-attachment-128306\" class=\"wp-caption-text\">L\u00edvia Sfredo, Lucas Lorhan, \u00cdtalo Freguglia, Luana Ces\u00e1rio e Pedro Vidal<\/p><\/div>\n<div id=\"attachment_128307\" style=\"width: 690px\" class=\"wp-caption aligncenter\"><img loading=\"lazy\" decoding=\"async\" aria-describedby=\"caption-attachment-128307\" class=\"wp-image-128307\" src=\"https:\/\/diarioregionaldigital.com.br\/wp-content\/uploads\/2018\/12\/fotod-9-e1544744708396.jpg\" alt=\"\" width=\"680\" height=\"474\" srcset=\"https:\/\/diarioregionaldigital.com.br\/wp-content\/uploads\/2018\/12\/fotod-9-e1544744708396.jpg 960w, https:\/\/diarioregionaldigital.com.br\/wp-content\/uploads\/2018\/12\/fotod-9-e1544744708396-300x210.jpg 300w, https:\/\/diarioregionaldigital.com.br\/wp-content\/uploads\/2018\/12\/fotod-9-e1544744708396-768x535.jpg 768w, https:\/\/diarioregionaldigital.com.br\/wp-content\/uploads\/2018\/12\/fotod-9-e1544744708396-360x251.jpg 360w, https:\/\/diarioregionaldigital.com.br\/wp-content\/uploads\/2018\/12\/fotod-9-e1544744708396-100x70.jpg 100w\" sizes=\"auto, (max-width: 680px) 100vw, 680px\" \/><p id=\"caption-attachment-128307\" class=\"wp-caption-text\">J\u00fanior Antonietto, B\u00e1rbara Gomes, Matheus Antonietto, Dianata Ara\u00fajo, Lucas e Camila Oliveira<\/p><\/div>\n<div id=\"attachment_128308\" style=\"width: 690px\" class=\"wp-caption aligncenter\"><img loading=\"lazy\" decoding=\"async\" aria-describedby=\"caption-attachment-128308\" class=\"wp-image-128308\" src=\"https:\/\/diarioregionaldigital.com.br\/wp-content\/uploads\/2018\/12\/fotoe-8-e1544744727569.jpg\" alt=\"\" width=\"680\" height=\"518\" srcset=\"https:\/\/diarioregionaldigital.com.br\/wp-content\/uploads\/2018\/12\/fotoe-8-e1544744727569.jpg 957w, https:\/\/diarioregionaldigital.com.br\/wp-content\/uploads\/2018\/12\/fotoe-8-e1544744727569-300x229.jpg 300w, https:\/\/diarioregionaldigital.com.br\/wp-content\/uploads\/2018\/12\/fotoe-8-e1544744727569-768x585.jpg 768w, https:\/\/diarioregionaldigital.com.br\/wp-content\/uploads\/2018\/12\/fotoe-8-e1544744727569-360x274.jpg 360w\" sizes=\"auto, (max-width: 680px) 100vw, 680px\" \/><p id=\"caption-attachment-128308\" class=\"wp-caption-text\">Lucas Lorhan e Raquel Caputo<\/p><\/div>\n<div id=\"attachment_128309\" style=\"width: 690px\" class=\"wp-caption aligncenter\"><img loading=\"lazy\" decoding=\"async\" aria-describedby=\"caption-attachment-128309\" class=\"wp-image-128309\" src=\"https:\/\/diarioregionaldigital.com.br\/wp-content\/uploads\/2018\/12\/fotof-10-e1544744750943.jpg\" alt=\"\" width=\"680\" height=\"508\" srcset=\"https:\/\/diarioregionaldigital.com.br\/wp-content\/uploads\/2018\/12\/fotof-10-e1544744750943.jpg 958w, https:\/\/diarioregionaldigital.com.br\/wp-content\/uploads\/2018\/12\/fotof-10-e1544744750943-300x224.jpg 300w, https:\/\/diarioregionaldigital.com.br\/wp-content\/uploads\/2018\/12\/fotof-10-e1544744750943-768x573.jpg 768w, https:\/\/diarioregionaldigital.com.br\/wp-content\/uploads\/2018\/12\/fotof-10-e1544744750943-360x269.jpg 360w\" sizes=\"auto, (max-width: 680px) 100vw, 680px\" \/><p id=\"caption-attachment-128309\" class=\"wp-caption-text\">Lorenzo Scapim, Ivo Afonso Jr., Lucas Lorhan, Murilo Motta e Diego Dutra<\/p><\/div>\n<div id=\"attachment_128310\" style=\"width: 690px\" class=\"wp-caption aligncenter\"><img loading=\"lazy\" decoding=\"async\" aria-describedby=\"caption-attachment-128310\" class=\"wp-image-128310\" src=\"https:\/\/diarioregionaldigital.com.br\/wp-content\/uploads\/2018\/12\/fotog-9-e1544744770968.jpg\" alt=\"\" width=\"680\" height=\"460\" srcset=\"https:\/\/diarioregionaldigital.com.br\/wp-content\/uploads\/2018\/12\/fotog-9-e1544744770968.jpg 960w, https:\/\/diarioregionaldigital.com.br\/wp-content\/uploads\/2018\/12\/fotog-9-e1544744770968-300x203.jpg 300w, https:\/\/diarioregionaldigital.com.br\/wp-content\/uploads\/2018\/12\/fotog-9-e1544744770968-768x520.jpg 768w, https:\/\/diarioregionaldigital.com.br\/wp-content\/uploads\/2018\/12\/fotog-9-e1544744770968-360x244.jpg 360w\" sizes=\"auto, (max-width: 680px) 100vw, 680px\" \/><p id=\"caption-attachment-128310\" class=\"wp-caption-text\">Lucas Lorhan e Alexia Mendes<\/p><\/div>\n<div id=\"attachment_128311\" style=\"width: 690px\" class=\"wp-caption aligncenter\"><img loading=\"lazy\" decoding=\"async\" aria-describedby=\"caption-attachment-128311\" class=\"wp-image-128311\" src=\"https:\/\/diarioregionaldigital.com.br\/wp-content\/uploads\/2018\/12\/fotoh-8-e1544744799577.jpg\" alt=\"\" width=\"680\" height=\"474\" srcset=\"https:\/\/diarioregionaldigital.com.br\/wp-content\/uploads\/2018\/12\/fotoh-8-e1544744799577.jpg 960w, https:\/\/diarioregionaldigital.com.br\/wp-content\/uploads\/2018\/12\/fotoh-8-e1544744799577-300x210.jpg 300w, https:\/\/diarioregionaldigital.com.br\/wp-content\/uploads\/2018\/12\/fotoh-8-e1544744799577-768x535.jpg 768w, https:\/\/diarioregionaldigital.com.br\/wp-content\/uploads\/2018\/12\/fotoh-8-e1544744799577-360x251.jpg 360w, https:\/\/diarioregionaldigital.com.br\/wp-content\/uploads\/2018\/12\/fotoh-8-e1544744799577-100x70.jpg 100w\" sizes=\"auto, (max-width: 680px) 100vw, 680px\" \/><p id=\"caption-attachment-128311\" class=\"wp-caption-text\">Karen Stephanie, Regina Ferreira e Lucas Lorhan<\/p><\/div>\n<p style=\"text-align: center;\"><strong>FOTOSS\u00cdNTESE<\/strong><\/p>\n<p>O animad\u00edssimo Douglas Polaro j\u00e1 anuncia para o dia 12 de Janeiro, \u00e0s 22h, a 1\u00aa edi\u00e7\u00e3o do Baile da Antiga, na Sede social da ASE, no Mariano Proc\u00f3pio. Na fe\u00e9rica noite, MC Cacau e DJ\u2019s Ricardo P. Silva, Ded\u00e9 Reis e Ronaldo Brinkin.<\/p>\n<p>Brincos e colares coloridos em madeira e outros artigos para presente de Natal e amigo oculto, revelam o apurad\u00edssimo bom gosto de Maria Dolores Acess\u00f3rios. Aos s\u00e1bados de 8 \u00e0s 14h, na Pra\u00e7a Jarbas de Lery na feira de Artesanatos de S\u00e3o Mateus.<\/p>\n<p>Foi com muita alegria que o Rotary Clube S\u00e3o Mateus entregou, no Linhares, 500 cestas de alimentos e 500 bolas de futebol para 40 entidades. A a\u00e7\u00e3o \u201cNatal sem Fome\u201d foi liderada por Ant\u00f4nio Carlos Estev\u00e3o.<\/p>\n<p>Sempre antenado com bons acontecimentos, o Inspetor do CREA\/MG, Jos\u00e9 Eduardo Modesto, participou em Jo\u00e3o Pessoa (PB), do 8\u00ba Semin\u00e1rio do Sobrea \u2013 o maior evento bianual de engenharia de avalia\u00e7\u00f5es do Brasil, pela metodologia cient\u00edfica.<\/p>\n<p>A dupla Renan &amp; Cristiano ser\u00e1 atra\u00e7\u00e3o do r\u00e9veillon da Esta\u00e7\u00e3o S\u00e3o Pedro e Sandra Portella abrilhantar\u00e1 o romper de 2019 no Cultural Bar.<\/p>\n<p>Em show exclusivo, o pianista M\u00e1rcio Hallack apresenta, dia 20, na Sociedade Filarm\u00f4nica, o concerto \u201cOs Choros\u201d, com pe\u00e7as autorais e releitura de sucessos de Ernesto Nazareth, Pixinguinha e Hermeto Pascoal.<\/p>\n<p>Ser\u00e1 na pr\u00f3xima 4\u00aa feira, 19, no Teatro Paschoal Carlos Magno, a Cerim\u00f4nia de Encerramento da 32\u00aa Edi\u00e7\u00e3o do Ranking de Corridas de Rua de Juiz de Fora. Ser\u00e1 \u00e0s 19h, com premia\u00e7\u00e3o aos melhores atletas e equipes.<\/p>\n<p>Dica: as bel\u00edssimas roupas da grife Dudalina, para eles e elas na loja Martina da Rua Braz Bernardino. \u00c9 o luxo do momento.<\/p>\n<p>Domingando: \u201cSaber muito n\u00e3o lhe torna inteligente. A intelig\u00eancia se traduz na forma que voc\u00ea recolhe, julga, maneja e sobretudo onde e como aplica esta transforma\u00e7\u00e3o\u201d. Bom dia.<\/p>\n<p><img loading=\"lazy\" decoding=\"async\" class=\"aligncenter size-full wp-image-128325\" src=\"https:\/\/diarioregionaldigital.com.br\/wp-content\/uploads\/2018\/12\/Natal-2018_6x18-sexta-domingo.jpg\" alt=\"\" width=\"3484\" height=\"2126\" srcset=\"https:\/\/diarioregionaldigital.com.br\/wp-content\/uploads\/2018\/12\/Natal-2018_6x18-sexta-domingo.jpg 3484w, https:\/\/diarioregionaldigital.com.br\/wp-content\/uploads\/2018\/12\/Natal-2018_6x18-sexta-domingo-300x183.jpg 300w, https:\/\/diarioregionaldigital.com.br\/wp-content\/uploads\/2018\/12\/Natal-2018_6x18-sexta-domingo-768x469.jpg 768w, https:\/\/diarioregionaldigital.com.br\/wp-content\/uploads\/2018\/12\/Natal-2018_6x18-sexta-domingo-1024x625.jpg 1024w, https:\/\/diarioregionaldigital.com.br\/wp-content\/uploads\/2018\/12\/Natal-2018_6x18-sexta-domingo-360x220.jpg 360w\" sizes=\"auto, (max-width: 3484px) 100vw, 3484px\" \/><\/p>\n","protected":false},"excerpt":{"rendered":"<p>Educa\u00e7\u00e3o Uma boa not\u00edcia chegou para alegrar o final do ano dos alunos da Escola Estadual Almirante Barroso, com sede em Benfica. A institui\u00e7\u00e3o da zona Norte foi selecionada para representar Juiz de Fora com outros estabelecimentos da Zona da Mata pelo Sebrae no projeto Educa\u00e7\u00e3o Empreendedora. Parab\u00e9ns. Pura Arte Juntando doses de criatividade, Washington [&hellip;]<\/p>\n","protected":false},"author":96,"featured_media":128304,"comment_status":"closed","ping_status":"closed","sticky":false,"template":"","format":"standard","meta":{"footnotes":""},"categories":[264],"tags":[],"class_list":["post-128328","post","type-post","status-publish","format-standard","has-post-thumbnail","hentry","category-eduardo-gomes"],"_links":{"self":[{"href":"https:\/\/diarioregionaldigital.com.br\/index.php?rest_route=\/wp\/v2\/posts\/128328","targetHints":{"allow":["GET"]}}],"collection":[{"href":"https:\/\/diarioregionaldigital.com.br\/index.php?rest_route=\/wp\/v2\/posts"}],"about":[{"href":"https:\/\/diarioregionaldigital.com.br\/index.php?rest_route=\/wp\/v2\/types\/post"}],"author":[{"embeddable":true,"href":"https:\/\/diarioregionaldigital.com.br\/index.php?rest_route=\/wp\/v2\/users\/96"}],"replies":[{"embeddable":true,"href":"https:\/\/diarioregionaldigital.com.br\/index.php?rest_route=%2Fwp%2Fv2%2Fcomments&post=128328"}],"version-history":[{"count":0,"href":"https:\/\/diarioregionaldigital.com.br\/index.php?rest_route=\/wp\/v2\/posts\/128328\/revisions"}],"wp:featuredmedia":[{"embeddable":true,"href":"https:\/\/diarioregionaldigital.com.br\/index.php?rest_route=\/wp\/v2\/media\/128304"}],"wp:attachment":[{"href":"https:\/\/diarioregionaldigital.com.br\/index.php?rest_route=%2Fwp%2Fv2%2Fmedia&parent=128328"}],"wp:term":[{"taxonomy":"category","embeddable":true,"href":"https:\/\/diarioregionaldigital.com.br\/index.php?rest_route=%2Fwp%2Fv2%2Fcategories&post=128328"},{"taxonomy":"post_tag","embeddable":true,"href":"https:\/\/diarioregionaldigital.com.br\/index.php?rest_route=%2Fwp%2Fv2%2Ftags&post=128328"}],"curies":[{"name":"wp","href":"https:\/\/api.w.org\/{rel}","templated":true}]}}