{"id":128320,"date":"2018-12-14T06:00:50","date_gmt":"2018-12-14T08:00:50","guid":{"rendered":"https:\/\/diarioregionaldigital.com.br\/?p=128320"},"modified":"2018-12-13T22:02:47","modified_gmt":"2018-12-14T00:02:47","slug":"aniversario-com-glamour","status":"publish","type":"post","link":"https:\/\/diarioregionaldigital.com.br\/?p=128320","title":{"rendered":"Anivers\u00e1rio com Glamour"},"content":{"rendered":"<p style=\"text-align: center;\"><strong>Sucesso na C\u00e2mara<\/strong><\/p>\n<p style=\"text-align: center;\">Agendando para sexta-feira, 14, a elei\u00e7\u00e3o da Mesa Diretora da C\u00e2mara Municipal de Juiz de Fora. Um grupo de vereadores participou de um almo\u00e7o e reafirmou seu apoio \u00e0 candidatura de Luis Ot\u00e1vio \u201cPardal\u201d a presidente da casa e descartou qualquer possibilidade de mudan\u00e7a ou desist\u00eancia.<\/p>\n<p style=\"text-align: center;\"><strong>Comemorando<\/strong><\/p>\n<p style=\"text-align: center;\">Juntos e misturados, ilustres formandos da primeira turma da faculdade de medicina da UFJF estiveram reunidos e foram homenageados pelos 60 anos de formatura. Foram aplaudidos, Aloysio Fellet, Ant\u00f4nio Carlos Andr\u00e9s, Jos\u00e9 Carlos Barbosa, Ramon Expedito de Castro e Sagrado Lamir David. (Juracy Neves n\u00e3o pode comparecer). A solenidade foi prestigiada pela presen\u00e7a do prefeito Ant\u00f4nio Almas e do reitor Marcus David.<\/p>\n<p style=\"text-align: center;\"><strong>Em Alta<\/strong><\/p>\n<p style=\"text-align: center;\">Din\u00e2mico e talentoso, Jos\u00e9 Gustavo Francis Abdalla toma posse na 6\u00aa feira, 14, na dire\u00e7\u00e3o da Faculdade de Arquitetura da UFJF. Para vice presid\u00eancia foi convocado Fernando de Ara\u00fajo Lima.<\/p>\n<p style=\"text-align: center;\"><span style=\"font-size: 14pt;\"><strong>Anivers\u00e1rio com Glamour<\/strong><\/span><\/p>\n<p style=\"text-align: center;\">Reunindo amigos e familiares, o engenheiro Jo\u00e3o Paulo Escobar abriu o sal\u00e3o de seu ap\u00ea na rua Esp\u00edrito Santo para festejar seus 30 anos. Uma noite de alt\u00edssimo astral onde o destaque foi a ambienta\u00e7\u00e3o colorida, docinhos e bolo delicioso fazendo contraponto para os muitos drinques. As fotos registram.<\/p>\n<div id=\"attachment_128260\" style=\"width: 690px\" class=\"wp-caption aligncenter\"><img loading=\"lazy\" decoding=\"async\" aria-describedby=\"caption-attachment-128260\" class=\"wp-image-128260\" src=\"https:\/\/diarioregionaldigital.com.br\/wp-content\/uploads\/2018\/12\/fotoa-7-e1544743715222.jpg\" alt=\"\" width=\"680\" height=\"474\" srcset=\"https:\/\/diarioregionaldigital.com.br\/wp-content\/uploads\/2018\/12\/fotoa-7-e1544743715222.jpg 960w, https:\/\/diarioregionaldigital.com.br\/wp-content\/uploads\/2018\/12\/fotoa-7-e1544743715222-300x210.jpg 300w, https:\/\/diarioregionaldigital.com.br\/wp-content\/uploads\/2018\/12\/fotoa-7-e1544743715222-768x535.jpg 768w, https:\/\/diarioregionaldigital.com.br\/wp-content\/uploads\/2018\/12\/fotoa-7-e1544743715222-360x251.jpg 360w, https:\/\/diarioregionaldigital.com.br\/wp-content\/uploads\/2018\/12\/fotoa-7-e1544743715222-100x70.jpg 100w\" sizes=\"auto, (max-width: 680px) 100vw, 680px\" \/><p id=\"caption-attachment-128260\" class=\"wp-caption-text\">Jo\u00e3o Paulo Escobar com os amigos, Lucas Peres, Kleyton Neves, Warley Steffani, Leonardo Mansur, Jonh Ara\u00fajo, Anderson Teixeira e Emerson Teixeira<\/p><\/div>\n<div id=\"attachment_128261\" style=\"width: 690px\" class=\"wp-caption aligncenter\"><img loading=\"lazy\" decoding=\"async\" aria-describedby=\"caption-attachment-128261\" class=\"wp-image-128261\" src=\"https:\/\/diarioregionaldigital.com.br\/wp-content\/uploads\/2018\/12\/fotob-7-e1544743756885.jpg\" alt=\"\" width=\"680\" height=\"482\" srcset=\"https:\/\/diarioregionaldigital.com.br\/wp-content\/uploads\/2018\/12\/fotob-7-e1544743756885.jpg 957w, https:\/\/diarioregionaldigital.com.br\/wp-content\/uploads\/2018\/12\/fotob-7-e1544743756885-300x213.jpg 300w, https:\/\/diarioregionaldigital.com.br\/wp-content\/uploads\/2018\/12\/fotob-7-e1544743756885-768x545.jpg 768w, https:\/\/diarioregionaldigital.com.br\/wp-content\/uploads\/2018\/12\/fotob-7-e1544743756885-750x530.jpg 750w, https:\/\/diarioregionaldigital.com.br\/wp-content\/uploads\/2018\/12\/fotob-7-e1544743756885-360x255.jpg 360w, https:\/\/diarioregionaldigital.com.br\/wp-content\/uploads\/2018\/12\/fotob-7-e1544743756885-100x70.jpg 100w\" sizes=\"auto, (max-width: 680px) 100vw, 680px\" \/><p id=\"caption-attachment-128261\" class=\"wp-caption-text\">Everton Baldez, Jo\u00e3o Paulo Escobar, Erivelton Baldez<\/p><\/div>\n<div id=\"attachment_128262\" style=\"width: 690px\" class=\"wp-caption aligncenter\"><img loading=\"lazy\" decoding=\"async\" aria-describedby=\"caption-attachment-128262\" class=\"wp-image-128262\" src=\"https:\/\/diarioregionaldigital.com.br\/wp-content\/uploads\/2018\/12\/fotoc-7-e1544743782122.jpg\" alt=\"\" width=\"680\" height=\"486\" srcset=\"https:\/\/diarioregionaldigital.com.br\/wp-content\/uploads\/2018\/12\/fotoc-7-e1544743782122.jpg 957w, https:\/\/diarioregionaldigital.com.br\/wp-content\/uploads\/2018\/12\/fotoc-7-e1544743782122-300x214.jpg 300w, https:\/\/diarioregionaldigital.com.br\/wp-content\/uploads\/2018\/12\/fotoc-7-e1544743782122-768x549.jpg 768w, https:\/\/diarioregionaldigital.com.br\/wp-content\/uploads\/2018\/12\/fotoc-7-e1544743782122-360x257.jpg 360w, https:\/\/diarioregionaldigital.com.br\/wp-content\/uploads\/2018\/12\/fotoc-7-e1544743782122-100x70.jpg 100w\" sizes=\"auto, (max-width: 680px) 100vw, 680px\" \/><p id=\"caption-attachment-128262\" class=\"wp-caption-text\">Jo\u00e3o Paulo Escobar e Danielle Brand\u00e3o<\/p><\/div>\n<div id=\"attachment_128263\" style=\"width: 690px\" class=\"wp-caption aligncenter\"><img loading=\"lazy\" decoding=\"async\" aria-describedby=\"caption-attachment-128263\" class=\"wp-image-128263\" src=\"https:\/\/diarioregionaldigital.com.br\/wp-content\/uploads\/2018\/12\/fotod-7-e1544743804528.jpg\" alt=\"\" width=\"680\" height=\"457\" srcset=\"https:\/\/diarioregionaldigital.com.br\/wp-content\/uploads\/2018\/12\/fotod-7-e1544743804528.jpg 960w, https:\/\/diarioregionaldigital.com.br\/wp-content\/uploads\/2018\/12\/fotod-7-e1544743804528-300x202.jpg 300w, https:\/\/diarioregionaldigital.com.br\/wp-content\/uploads\/2018\/12\/fotod-7-e1544743804528-768x516.jpg 768w, https:\/\/diarioregionaldigital.com.br\/wp-content\/uploads\/2018\/12\/fotod-7-e1544743804528-360x242.jpg 360w\" sizes=\"auto, (max-width: 680px) 100vw, 680px\" \/><p id=\"caption-attachment-128263\" class=\"wp-caption-text\">Padre C\u00e1ssio Barbosa, Jo\u00e3o Paulo Escobar, Donizete Barbosa<\/p><\/div>\n<div id=\"attachment_128264\" style=\"width: 690px\" class=\"wp-caption aligncenter\"><img loading=\"lazy\" decoding=\"async\" aria-describedby=\"caption-attachment-128264\" class=\"wp-image-128264\" src=\"https:\/\/diarioregionaldigital.com.br\/wp-content\/uploads\/2018\/12\/fotoe-6-e1544743837285.jpg\" alt=\"\" width=\"680\" height=\"482\" srcset=\"https:\/\/diarioregionaldigital.com.br\/wp-content\/uploads\/2018\/12\/fotoe-6-e1544743837285.jpg 958w, https:\/\/diarioregionaldigital.com.br\/wp-content\/uploads\/2018\/12\/fotoe-6-e1544743837285-300x213.jpg 300w, https:\/\/diarioregionaldigital.com.br\/wp-content\/uploads\/2018\/12\/fotoe-6-e1544743837285-768x544.jpg 768w, https:\/\/diarioregionaldigital.com.br\/wp-content\/uploads\/2018\/12\/fotoe-6-e1544743837285-750x530.jpg 750w, https:\/\/diarioregionaldigital.com.br\/wp-content\/uploads\/2018\/12\/fotoe-6-e1544743837285-360x255.jpg 360w, https:\/\/diarioregionaldigital.com.br\/wp-content\/uploads\/2018\/12\/fotoe-6-e1544743837285-100x70.jpg 100w\" sizes=\"auto, (max-width: 680px) 100vw, 680px\" \/><p id=\"caption-attachment-128264\" class=\"wp-caption-text\">Jo\u00e3o Paulo Escobar e o pediatra Kleyton Neves<\/p><\/div>\n<div id=\"attachment_128265\" style=\"width: 690px\" class=\"wp-caption aligncenter\"><img loading=\"lazy\" decoding=\"async\" aria-describedby=\"caption-attachment-128265\" class=\"wp-image-128265\" src=\"https:\/\/diarioregionaldigital.com.br\/wp-content\/uploads\/2018\/12\/fotof-8-e1544743860471.jpg\" alt=\"\" width=\"680\" height=\"497\" srcset=\"https:\/\/diarioregionaldigital.com.br\/wp-content\/uploads\/2018\/12\/fotof-8-e1544743860471.jpg 957w, https:\/\/diarioregionaldigital.com.br\/wp-content\/uploads\/2018\/12\/fotof-8-e1544743860471-300x219.jpg 300w, https:\/\/diarioregionaldigital.com.br\/wp-content\/uploads\/2018\/12\/fotof-8-e1544743860471-768x562.jpg 768w, https:\/\/diarioregionaldigital.com.br\/wp-content\/uploads\/2018\/12\/fotof-8-e1544743860471-360x263.jpg 360w\" sizes=\"auto, (max-width: 680px) 100vw, 680px\" \/><p id=\"caption-attachment-128265\" class=\"wp-caption-text\">Lucas Peres , Jo\u00e3o Paulo Escobar, Leonardo Mansur<\/p><\/div>\n<p style=\"text-align: center;\"><strong>FOTOSS\u00cdNTESE<\/strong><\/p>\n<p>M\u00e1rcia Giotti e C\u00e9lio Faria de Paula em ritmo de confraterniza\u00e7\u00e3o de fim de ano hoje, com funcion\u00e1rios da Tecol.<\/p>\n<p>O Rei do R\u00e1dio, Luismar Mendes, se apresenta no s\u00e1bado, 15, \u00e0s 17h, no Bar do Ant\u00f4nio, ao som de voz e viol\u00e3o com repert\u00f3rio de rock e MPB. O bat-local fica na rua Jos\u00e9 Louren\u00e7o n\u00ba 1262, em S\u00e3o Pedro.<\/p>\n<p>Fazendo sucesso a Stambassi Outlet com novidades em camisas e cal\u00e7as masculinas com mega desconto. Fica no Braz Shopping, 2\u00ba piso, loja 240.<\/p>\n<p>Neste s\u00e1bado, 15, o Restaurante Card\u00e1pio Mineiro apresenta, \u00e0s 16h30, a tarde Musical com o conjunto Vem pro Samba. O bar fica no Espa\u00e7o Mascarenhas.<\/p>\n<p>Vai ser em ritmo de as \u00e1guas v\u00e3o rolar o Baile do Nego V\u00e9io, com o cantor Alexandre Pires no Capit\u00f3lio, \u00e0s 22h, com Grupo Alquimia e DJ Morango. Produ\u00e7\u00e3o Front e Al\u00f4 Festa.<\/p>\n<p>Promete ser maravilhoso o espet\u00e1culo de fim de ano da Magia da Dan\u00e7a que leva para o palco do Teatro Solar o Ballet Mal\u00e9vola e A magia dos sentimentos. Ser\u00e1 dia 15 e 16, \u00e0s 19h30. A dire\u00e7\u00e3o geral \u00e9 de Carla Marins e Joseph Santos.<\/p>\n<p>Repercutindo na cidade o trabalho s\u00e9rio da Oliveira Matta Imobili\u00e1ria. O diferencial \u00e9 a op\u00e7\u00e3o de loca\u00e7\u00e3o de im\u00f3veis com 2 meses de car\u00eancia.<\/p>\n<p>Para o s\u00e1bado, 22, o Privil\u00e8ge promove agita\u00e7\u00e3o com os rostos mais bonitos da cidade curtindo o Funk You de Dom Juan.<\/p>\n<p>Os dias 14, 15, 16 de dezembro Juiz de Fora vai respirar entretenimento com o Corredor da Folia. Para fazer alian\u00e7a com a Funalfa a Unimed vestiu a camisa da arte e deu apoio juntamente com a PJF, Minist\u00e9rio da Cultura e Governo Federal.<\/p>\n<p><img loading=\"lazy\" decoding=\"async\" class=\"aligncenter size-full wp-image-128325\" src=\"https:\/\/diarioregionaldigital.com.br\/wp-content\/uploads\/2018\/12\/Natal-2018_6x18-sexta-domingo.jpg\" alt=\"\" width=\"3484\" height=\"2126\" srcset=\"https:\/\/diarioregionaldigital.com.br\/wp-content\/uploads\/2018\/12\/Natal-2018_6x18-sexta-domingo.jpg 3484w, https:\/\/diarioregionaldigital.com.br\/wp-content\/uploads\/2018\/12\/Natal-2018_6x18-sexta-domingo-300x183.jpg 300w, https:\/\/diarioregionaldigital.com.br\/wp-content\/uploads\/2018\/12\/Natal-2018_6x18-sexta-domingo-768x469.jpg 768w, https:\/\/diarioregionaldigital.com.br\/wp-content\/uploads\/2018\/12\/Natal-2018_6x18-sexta-domingo-1024x625.jpg 1024w, https:\/\/diarioregionaldigital.com.br\/wp-content\/uploads\/2018\/12\/Natal-2018_6x18-sexta-domingo-360x220.jpg 360w\" sizes=\"auto, (max-width: 3484px) 100vw, 3484px\" \/><\/p>\n","protected":false},"excerpt":{"rendered":"<p>Sucesso na C\u00e2mara Agendando para sexta-feira, 14, a elei\u00e7\u00e3o da Mesa Diretora da C\u00e2mara Municipal de Juiz de Fora. Um grupo de vereadores participou de um almo\u00e7o e reafirmou seu apoio \u00e0 candidatura de Luis Ot\u00e1vio \u201cPardal\u201d a presidente da casa e descartou qualquer possibilidade de mudan\u00e7a ou desist\u00eancia. Comemorando Juntos e misturados, ilustres formandos [&hellip;]<\/p>\n","protected":false},"author":96,"featured_media":128260,"comment_status":"closed","ping_status":"closed","sticky":false,"template":"","format":"standard","meta":{"footnotes":""},"categories":[264],"tags":[],"class_list":["post-128320","post","type-post","status-publish","format-standard","has-post-thumbnail","hentry","category-eduardo-gomes"],"_links":{"self":[{"href":"https:\/\/diarioregionaldigital.com.br\/index.php?rest_route=\/wp\/v2\/posts\/128320","targetHints":{"allow":["GET"]}}],"collection":[{"href":"https:\/\/diarioregionaldigital.com.br\/index.php?rest_route=\/wp\/v2\/posts"}],"about":[{"href":"https:\/\/diarioregionaldigital.com.br\/index.php?rest_route=\/wp\/v2\/types\/post"}],"author":[{"embeddable":true,"href":"https:\/\/diarioregionaldigital.com.br\/index.php?rest_route=\/wp\/v2\/users\/96"}],"replies":[{"embeddable":true,"href":"https:\/\/diarioregionaldigital.com.br\/index.php?rest_route=%2Fwp%2Fv2%2Fcomments&post=128320"}],"version-history":[{"count":0,"href":"https:\/\/diarioregionaldigital.com.br\/index.php?rest_route=\/wp\/v2\/posts\/128320\/revisions"}],"wp:featuredmedia":[{"embeddable":true,"href":"https:\/\/diarioregionaldigital.com.br\/index.php?rest_route=\/wp\/v2\/media\/128260"}],"wp:attachment":[{"href":"https:\/\/diarioregionaldigital.com.br\/index.php?rest_route=%2Fwp%2Fv2%2Fmedia&parent=128320"}],"wp:term":[{"taxonomy":"category","embeddable":true,"href":"https:\/\/diarioregionaldigital.com.br\/index.php?rest_route=%2Fwp%2Fv2%2Fcategories&post=128320"},{"taxonomy":"post_tag","embeddable":true,"href":"https:\/\/diarioregionaldigital.com.br\/index.php?rest_route=%2Fwp%2Fv2%2Ftags&post=128320"}],"curies":[{"name":"wp","href":"https:\/\/api.w.org\/{rel}","templated":true}]}}