{"id":128299,"date":"2018-12-16T06:00:48","date_gmt":"2018-12-16T08:00:48","guid":{"rendered":"https:\/\/diarioregionaldigital.com.br\/?p=128299"},"modified":"2018-12-13T18:47:02","modified_gmt":"2018-12-13T20:47:02","slug":"caixa-prorroga-prazo-para-aditamento-de-renovacao-de-contratos-do-novo-fies-2","status":"publish","type":"post","link":"https:\/\/diarioregionaldigital.com.br\/?p=128299","title":{"rendered":"Caixa prorroga prazo para aditamento de renova\u00e7\u00e3o de contratos do novo fies"},"content":{"rendered":"<table style=\"height: 1150px;\" width=\"439\">\n<tbody>\n<tr>\n<td style=\"width: 429px;\">O prazo para realiza\u00e7\u00e3o dos procedimentos para aditamento de renova\u00e7\u00e3o dos contratos do Novo Fundo de Financiamento Estudantil (FIES) foi prorrogado para o dia\u00a028 de dezembro de 2018. Os procedimentos devem ser realizados por meio da p\u00e1gina\u00a0(<a href=\"http:\/\/sifesweb.caixa.gov.br\/\">sifesweb.caixa.gov.br<\/a>). Do total de estudantes inscritos no Novo FIES no primeiro semestre, aproximadamente 70% j\u00e1 concluiu o seu aditamento ou teve o processo iniciado pela Institui\u00e7\u00e3o de Ensino Superior. Caso haja necessidade de altera\u00e7\u00f5es no contrato, como a troca de fiador, o estudante deve comparecer a uma ag\u00eancia da CAIXA. Nesse caso espec\u00edfico, o estudante dever\u00e1 comparecer com o novo fiador e apresentar os novos documentos comprobat\u00f3rios.<\/p>\n<p>O Novo FIES \u00e9 um modelo que traz melhorias na gest\u00e3o do fundo, dando sustentabilidade financeira ao programa a fim de garantir e viabilizar um acesso mais amplo ao ensino superior. As principais mudan\u00e7as do Novo FIES,\u00a0quando comparado ao processo anterior,\u00a0s\u00e3o a forma de pagamento do curso, que passa a ser mensal em emiss\u00e3o de boleto, a exig\u00eancia de seguro prestamista (cobertura em caso de falecimento do estudante) e a aus\u00eancia de car\u00eancia para pagamento da amortiza\u00e7\u00e3o do contrato.<\/p>\n<p>Estudantes podem fazer o download da cartilha com mais orienta\u00e7\u00f5es no link (www.caixa.gov.br\/programas-sociais\/fies\/Paginas\/default.aspx). J\u00e1 as institui\u00e7\u00f5es de Ensino, podem consultar o endere\u00e7o eletr\u00f4nico\u00a0(www.caixa.gov.br\/empresa\/instituicoes-ensino-fies\/Paginas\/default.aspx), para mais informa\u00e7\u00f5es sobre os procedimentos a serem adotados.<\/p>\n<p>&nbsp;<\/p>\n<p><strong>Conta Universit\u00e1ria:<\/strong><\/p>\n<p>O banco oferece aos clientes que est\u00e3o cursando gradua\u00e7\u00e3o ou p\u00f3s-gradua\u00e7\u00e3o a Conta Universit\u00e1ria CAIXA. O pacote de benef\u00edcios inclui uma conta corrente de livre movimenta\u00e7\u00e3o, com cart\u00e3o de cr\u00e9dito pr\u00e9-aprovado*\u00a0sem comprova\u00e7\u00e3o de renda, e ainda uma das cestas de servi\u00e7os mais interessantes do mercado, que inclui servi\u00e7os na medida certa para o universit\u00e1rio, baixo custo e pra completar, o valor pago mensalmente pela cesta \u00e9 convertido em b\u00f4nus para celular. Para aderir ao servi\u00e7o, os universit\u00e1rios com mais de 16 anos devem comparecer a uma ag\u00eancia munidos de identidade, CPF, Comprovante de resid\u00eancia e declara\u00e7\u00e3o da institui\u00e7\u00e3o de ensino.<\/p>\n<p>&nbsp;<\/p>\n<p><strong>Cesta B\u00f4nus:<\/strong><\/p>\n<p>A Caixa tamb\u00e9m est\u00e1 oferecendo aos seus clientes universit\u00e1rios uma cesta de servi\u00e7os diferenciada: a cesta b\u00f4nus. Nessa op\u00e7\u00e3o, o estudante poder\u00e1 converter 100% do valor pago pela tarifa em b\u00f4nus de celular que poder\u00e1 ser utilizado em mensagens SMS, internet e liga\u00e7\u00f5es de acordo com as regras de cada operadora de telefonia.<\/td>\n<\/tr>\n<\/tbody>\n<\/table>\n<p>O b\u00f4nus ser\u00e1 creditado em at\u00e9 10 dias ap\u00f3s o pagamento pontual e integral da cesta. A tarifa custa R$15 para a conta universit\u00e1ria. Os clientes que contratarem o servi\u00e7o ainda este ano ganham um b\u00f4nus extra no valor da cesta pela ades\u00e3o.<\/p>\n<p>Fonte: Assessoria<\/p>\n","protected":false},"excerpt":{"rendered":"<p>O prazo para realiza\u00e7\u00e3o dos procedimentos para aditamento de renova\u00e7\u00e3o dos contratos do Novo Fundo de Financiamento Estudantil (FIES) foi prorrogado para o dia\u00a028 de dezembro de 2018. Os procedimentos devem ser realizados por meio da p\u00e1gina\u00a0(sifesweb.caixa.gov.br). Do total de estudantes inscritos no Novo FIES no primeiro semestre, aproximadamente 70% j\u00e1 concluiu o seu aditamento [&hellip;]<\/p>\n","protected":false},"author":96,"featured_media":105072,"comment_status":"closed","ping_status":"closed","sticky":false,"template":"","format":"standard","meta":{"footnotes":""},"categories":[436,261,439],"tags":[],"class_list":["post-128299","post","type-post","status-publish","format-standard","has-post-thumbnail","hentry","category-destaque-da-semana","category-economia","category-ultima-hora"],"_links":{"self":[{"href":"https:\/\/diarioregionaldigital.com.br\/index.php?rest_route=\/wp\/v2\/posts\/128299","targetHints":{"allow":["GET"]}}],"collection":[{"href":"https:\/\/diarioregionaldigital.com.br\/index.php?rest_route=\/wp\/v2\/posts"}],"about":[{"href":"https:\/\/diarioregionaldigital.com.br\/index.php?rest_route=\/wp\/v2\/types\/post"}],"author":[{"embeddable":true,"href":"https:\/\/diarioregionaldigital.com.br\/index.php?rest_route=\/wp\/v2\/users\/96"}],"replies":[{"embeddable":true,"href":"https:\/\/diarioregionaldigital.com.br\/index.php?rest_route=%2Fwp%2Fv2%2Fcomments&post=128299"}],"version-history":[{"count":0,"href":"https:\/\/diarioregionaldigital.com.br\/index.php?rest_route=\/wp\/v2\/posts\/128299\/revisions"}],"wp:featuredmedia":[{"embeddable":true,"href":"https:\/\/diarioregionaldigital.com.br\/index.php?rest_route=\/wp\/v2\/media\/105072"}],"wp:attachment":[{"href":"https:\/\/diarioregionaldigital.com.br\/index.php?rest_route=%2Fwp%2Fv2%2Fmedia&parent=128299"}],"wp:term":[{"taxonomy":"category","embeddable":true,"href":"https:\/\/diarioregionaldigital.com.br\/index.php?rest_route=%2Fwp%2Fv2%2Fcategories&post=128299"},{"taxonomy":"post_tag","embeddable":true,"href":"https:\/\/diarioregionaldigital.com.br\/index.php?rest_route=%2Fwp%2Fv2%2Ftags&post=128299"}],"curies":[{"name":"wp","href":"https:\/\/api.w.org\/{rel}","templated":true}]}}