{"id":128291,"date":"2018-12-13T18:28:54","date_gmt":"2018-12-13T20:28:54","guid":{"rendered":"https:\/\/diarioregionaldigital.com.br\/?p=128291"},"modified":"2018-12-13T18:28:54","modified_gmt":"2018-12-13T20:28:54","slug":"aprovadas-em-plenario-novas-politica-e-estrategia-nacional-de-defesa","status":"publish","type":"post","link":"https:\/\/diarioregionaldigital.com.br\/?p=128291","title":{"rendered":"Aprovadas em Plen\u00e1rio novas Pol\u00edtica e Estrat\u00e9gia Nacional de Defesa"},"content":{"rendered":"<p>O Plen\u00e1rio aprovou nesta quinta-feira, 13 o projeto de decreto legislativo (<a href=\"http:\/\/www25.senado.leg.br\/web\/atividade\/materias\/-\/materia\/134580\">PDS 137\/2018<\/a>), que estabelece novas diretrizes para a Pol\u00edtica Nacional de Defesa (PND) e\u00a0para a Estrat\u00e9gia Nacional de Defesa (END). Al\u00e9m disso, a proposi\u00e7\u00e3o, que agora vai ser promulgada, tamb\u00e9m atualiza o Livro Branco da Defesa Nacional (LBDN).<\/p>\n<p>A Pol\u00edtica Nacional de Defesa fixa 28 posicionamentos para o pa\u00eds na \u00e1rea, entre eles o apoio ao multilateralismo nas rela\u00e7\u00f5es internacionais, a defesa do uso sustent\u00e1vel dos recursos ambientais, o respeito \u00e0 soberania de cada pa\u00eds e o est\u00edmulo ao envolvimento de toda a sociedade brasileira em assuntos de Defesa.<\/p>\n<p>Esta nova vers\u00e3o da PND estabelece oito Objetivos Nacionais Fundamentais, entre eles garantir a soberania e o patrim\u00f4nio nacional; assegurar a capacidade de Defesa, visando o cumprimento das miss\u00f5es constitucionais das For\u00e7as Armadas; salvaguardar os bens, recursos e interesses nacionais; contribuir no incremento da proje\u00e7\u00e3o internacional do Brasil; e promover a autonomia produtiva e tecnol\u00f3gica.<\/p>\n<p>J\u00e1 a Estrat\u00e9gia Nacional de Defesa apresenta 81 a\u00e7\u00f5es estrat\u00e9gicas, entre elas o fortalecimento da capacidade de dissuas\u00e3o; o incremento da presen\u00e7a do Estado em todas as regi\u00f5es do pa\u00eds; a atua\u00e7\u00e3o em organismos internacionais; a atua\u00e7\u00e3o com base no multilateralismo; a promo\u00e7\u00e3o da coopera\u00e7\u00e3o internacional; a promo\u00e7\u00e3o da sustentabilidade da cadeia produtiva da base industrial de Defesa; e o fortalecimento da \u00e1rea de ci\u00eancia e tecnologia.<\/p>\n<p>A Pol\u00edtica Nacional de Defesa (PND) \u00e9 o documento de mais alto n\u00edvel do pa\u00eds em quest\u00f5es de Defesa. A Estrat\u00e9gia Nacional (END), por sua vez, determina as medidas necess\u00e1rias para realizar os objetivos previstos na PND. J\u00e1 o Livro Branco exp\u00f5e \u00e0 sociedade as informa\u00e7\u00f5es p\u00fablicas relacionadas ao setor.<\/p>\n<p>O PDS 137\/2018 foi apresentado como conclus\u00e3o do relat\u00f3rio aprovado pela <a class=\"external-link\" href=\"http:\/\/legis.senado.leg.br\/comissoes\/comissao?1&amp;codcol=449\">Comiss\u00e3o Mista de Controle das Atividades de Intelig\u00eancia (CCAI)<\/a>,\u00a0ap\u00f3s analisar a proposta da Presid\u00eancia da Rep\u00fablica encaminhada por meio de mensagem ao Congresso Nacional (<a href=\"http:\/\/www.congressonacional.leg.br\/materias\/pesquisa\/-\/materia\/128228\">MCN 2\/2017<\/a>).<\/p>\n<p>Fonte: Ag\u00eancia Senado<\/p>\n","protected":false},"excerpt":{"rendered":"<p>O Plen\u00e1rio aprovou nesta quinta-feira, 13 o projeto de decreto legislativo (PDS 137\/2018), que estabelece novas diretrizes para a Pol\u00edtica Nacional de Defesa (PND) e\u00a0para a Estrat\u00e9gia Nacional de Defesa (END). Al\u00e9m disso, a proposi\u00e7\u00e3o, que agora vai ser promulgada, tamb\u00e9m atualiza o Livro Branco da Defesa Nacional (LBDN). A Pol\u00edtica Nacional de Defesa fixa [&hellip;]<\/p>\n","protected":false},"author":96,"featured_media":128292,"comment_status":"closed","ping_status":"closed","sticky":false,"template":"","format":"standard","meta":{"footnotes":""},"categories":[436,254,439],"tags":[],"class_list":["post-128291","post","type-post","status-publish","format-standard","has-post-thumbnail","hentry","category-destaque-da-semana","category-politica","category-ultima-hora"],"_links":{"self":[{"href":"https:\/\/diarioregionaldigital.com.br\/index.php?rest_route=\/wp\/v2\/posts\/128291","targetHints":{"allow":["GET"]}}],"collection":[{"href":"https:\/\/diarioregionaldigital.com.br\/index.php?rest_route=\/wp\/v2\/posts"}],"about":[{"href":"https:\/\/diarioregionaldigital.com.br\/index.php?rest_route=\/wp\/v2\/types\/post"}],"author":[{"embeddable":true,"href":"https:\/\/diarioregionaldigital.com.br\/index.php?rest_route=\/wp\/v2\/users\/96"}],"replies":[{"embeddable":true,"href":"https:\/\/diarioregionaldigital.com.br\/index.php?rest_route=%2Fwp%2Fv2%2Fcomments&post=128291"}],"version-history":[{"count":0,"href":"https:\/\/diarioregionaldigital.com.br\/index.php?rest_route=\/wp\/v2\/posts\/128291\/revisions"}],"wp:featuredmedia":[{"embeddable":true,"href":"https:\/\/diarioregionaldigital.com.br\/index.php?rest_route=\/wp\/v2\/media\/128292"}],"wp:attachment":[{"href":"https:\/\/diarioregionaldigital.com.br\/index.php?rest_route=%2Fwp%2Fv2%2Fmedia&parent=128291"}],"wp:term":[{"taxonomy":"category","embeddable":true,"href":"https:\/\/diarioregionaldigital.com.br\/index.php?rest_route=%2Fwp%2Fv2%2Fcategories&post=128291"},{"taxonomy":"post_tag","embeddable":true,"href":"https:\/\/diarioregionaldigital.com.br\/index.php?rest_route=%2Fwp%2Fv2%2Ftags&post=128291"}],"curies":[{"name":"wp","href":"https:\/\/api.w.org\/{rel}","templated":true}]}}