{"id":128281,"date":"2018-12-13T18:20:16","date_gmt":"2018-12-13T20:20:16","guid":{"rendered":"https:\/\/diarioregionaldigital.com.br\/?p=128281"},"modified":"2018-12-13T18:20:16","modified_gmt":"2018-12-13T20:20:16","slug":"juros-do-cheque-e-emprestimo-pessoal-em-2018-foram-menores-que-em-2017","status":"publish","type":"post","link":"https:\/\/diarioregionaldigital.com.br\/?p=128281","title":{"rendered":"Juros do cheque e empr\u00e9stimo pessoal em 2018 foram menores que em 2017"},"content":{"rendered":"<p>As taxas m\u00e9dias de juros do cheque especial e do empr\u00e9stimo pessoal encerraram o ano menores que as praticadas em 2017. Os resultados s\u00e3o de balan\u00e7o da Funda\u00e7\u00e3o de Prote\u00e7\u00e3o e Defesa do Consumidor (Procon) de S\u00e3o Paulo, divulgado hoje, 13, e feito com seis institui\u00e7\u00f5es financeiras: Banco do Brasil, Bradesco, Caixa Econ\u00f4mica Federal, Ita\u00fa, Safra e Santander.<\/p>\n<p>A taxa m\u00e9dia do empr\u00e9stimo pessoal em 2018 foi de 6,27% ao m\u00eas, 0,12 ponto percentual menor em rela\u00e7\u00e3o \u00e0 taxa m\u00e9dia de 2017, que era de 6,39% ao m\u00eas. O banco que apresentou a maior taxa m\u00e9dia anual de empr\u00e9stimo pessoal em 2018 foi o Santander, com 7,89% ao m\u00eas; j\u00e1 a menor taxa m\u00e9dia anual foi a da Caixa Econ\u00f4mica Federal, com 5,55% ao m\u00eas, uma diferen\u00e7a 42,16%.<\/p>\n<p>A taxa m\u00e9dia do cheque especial em 2018 foi de 13,26% ao m\u00eas, indicando um decr\u00e9scimo de 0,21 ponto percentual em rela\u00e7\u00e3o \u00e0 taxa m\u00e9dia de 2017, que era de 13,47% ao m\u00eas. O banco que apresentou a maior taxa m\u00e9dia anual de cheque especial em 2018 foi o Santander, com 14,94% ao m\u00eas; a menor taxa m\u00e9dia anual foi a do Banco do Brasil, com 12,25% ao m\u00eas, uma diferen\u00e7a de 21,96%.<\/p>\n<p>\u201cAs taxas m\u00e9dias das duas modalidades pesquisadas de taxas de juros pelo Procon finalizaram o ano com taxas menores que as do in\u00edcio de 2018. Esse comportamento \u00e9 reflexo da evolu\u00e7\u00e3o da taxa Selic para o mesmo per\u00edodo. Entretanto, cabe ressaltar que as quedas observadas nas taxas de juros do empr\u00e9stimo pessoal e cheque especial provenientes do mercado financeiro foram bem menores que as da taxa Selic promovidas pelo Comit\u00ea de Pol\u00edtica Monet\u00e1ria\u201d, destacou em nota o Procon.<\/p>\n<p>A entidade ressaltou ainda que outros fatores, al\u00e9m da Selic, interferem no comportamento dos juros, como as taxas de inadimpl\u00eancia, a margem de lucro dos bancos e a carga de impostos sobre as opera\u00e7\u00f5es financeiras.<\/p>\n<p>Fonte: Ag\u00eancia Brasil<\/p>\n","protected":false},"excerpt":{"rendered":"<p>As taxas m\u00e9dias de juros do cheque especial e do empr\u00e9stimo pessoal encerraram o ano menores que as praticadas em 2017. Os resultados s\u00e3o de balan\u00e7o da Funda\u00e7\u00e3o de Prote\u00e7\u00e3o e Defesa do Consumidor (Procon) de S\u00e3o Paulo, divulgado hoje, 13, e feito com seis institui\u00e7\u00f5es financeiras: Banco do Brasil, Bradesco, Caixa Econ\u00f4mica Federal, Ita\u00fa, [&hellip;]<\/p>\n","protected":false},"author":96,"featured_media":128283,"comment_status":"closed","ping_status":"closed","sticky":false,"template":"","format":"standard","meta":{"footnotes":""},"categories":[436,261,439],"tags":[],"class_list":["post-128281","post","type-post","status-publish","format-standard","has-post-thumbnail","hentry","category-destaque-da-semana","category-economia","category-ultima-hora"],"_links":{"self":[{"href":"https:\/\/diarioregionaldigital.com.br\/index.php?rest_route=\/wp\/v2\/posts\/128281","targetHints":{"allow":["GET"]}}],"collection":[{"href":"https:\/\/diarioregionaldigital.com.br\/index.php?rest_route=\/wp\/v2\/posts"}],"about":[{"href":"https:\/\/diarioregionaldigital.com.br\/index.php?rest_route=\/wp\/v2\/types\/post"}],"author":[{"embeddable":true,"href":"https:\/\/diarioregionaldigital.com.br\/index.php?rest_route=\/wp\/v2\/users\/96"}],"replies":[{"embeddable":true,"href":"https:\/\/diarioregionaldigital.com.br\/index.php?rest_route=%2Fwp%2Fv2%2Fcomments&post=128281"}],"version-history":[{"count":0,"href":"https:\/\/diarioregionaldigital.com.br\/index.php?rest_route=\/wp\/v2\/posts\/128281\/revisions"}],"wp:featuredmedia":[{"embeddable":true,"href":"https:\/\/diarioregionaldigital.com.br\/index.php?rest_route=\/wp\/v2\/media\/128283"}],"wp:attachment":[{"href":"https:\/\/diarioregionaldigital.com.br\/index.php?rest_route=%2Fwp%2Fv2%2Fmedia&parent=128281"}],"wp:term":[{"taxonomy":"category","embeddable":true,"href":"https:\/\/diarioregionaldigital.com.br\/index.php?rest_route=%2Fwp%2Fv2%2Fcategories&post=128281"},{"taxonomy":"post_tag","embeddable":true,"href":"https:\/\/diarioregionaldigital.com.br\/index.php?rest_route=%2Fwp%2Fv2%2Ftags&post=128281"}],"curies":[{"name":"wp","href":"https:\/\/api.w.org\/{rel}","templated":true}]}}