{"id":128279,"date":"2018-12-13T14:15:42","date_gmt":"2018-12-13T16:15:42","guid":{"rendered":"https:\/\/diarioregionaldigital.com.br\/?p=128279"},"modified":"2018-12-13T18:18:24","modified_gmt":"2018-12-13T20:18:24","slug":"medico-suspeito-de-abusar-de-pacientes-em-juiz-de-fora-ja-esta-com-atividades-suspensas","status":"publish","type":"post","link":"https:\/\/diarioregionaldigital.com.br\/?p=128279","title":{"rendered":"M\u00e9dico suspeito de abusar de pacientes em Juiz de Fora j\u00e1 est\u00e1 com atividades suspensas"},"content":{"rendered":"<p>As atividades profissionais do ex-vereador e m\u00e9dico ginecologista, Jos\u00e9 Tarc\u00edsio Furtado, 78 anos, j\u00e1 est\u00e3o suspensas. O perfil do m\u00e9dico no Conselho Regional de Medicina, CRM, de Minas Gerais, onde ele est\u00e1 inscrito desde 1970, encontra-se inativo.<\/p>\n<p>A decis\u00e3o da 3\u00aa Vara Criminal ocorreu no processo sobre os casos que vieram a p\u00fablico em julho deste ano, com base na den\u00fancia de mulheres que afirmam terem sido abusadas pelo m\u00e9dico no Hospital S\u00e3o Vicente de Paulo, no Centro. O comunicado sobre a determina\u00e7\u00e3o judicial chegou \u00e0 delegacia do CRM em Juiz de Fora na \u00faltima semana, no dia 4, sendo entregue \u00e0 Corregedoria em Belo Horizonte no dia seguinte para ser anexada \u00e0 sindic\u00e2ncia que ocorre em sigilo.<\/p>\n<p>Al\u00e9m do CRM, a determina\u00e7\u00e3o tamb\u00e9m foi comunicada \u00e0 Unimed de Juiz de Fora, que confirmou o afastamento do m\u00e9dico. \u201cA Unimed atendeu prontamente a determina\u00e7\u00e3o da 3\u00aa Vara Criminal de suspender, de imediato, as atividades do m\u00e9dico Jos\u00e9 Tarc\u00edsio Furtado junto \u00e0 operadora e aos seus respectivos prestadores de servi\u00e7o\u201d, disse em nota.<\/p>\n","protected":false},"excerpt":{"rendered":"<p>As atividades profissionais do ex-vereador e m\u00e9dico ginecologista, Jos\u00e9 Tarc\u00edsio Furtado, 78 anos, j\u00e1 est\u00e3o suspensas. O perfil do m\u00e9dico no Conselho Regional de Medicina, CRM, de Minas Gerais, onde ele est\u00e1 inscrito desde 1970, encontra-se inativo. A decis\u00e3o da 3\u00aa Vara Criminal ocorreu no processo sobre os casos que vieram a p\u00fablico em julho [&hellip;]<\/p>\n","protected":false},"author":96,"featured_media":112697,"comment_status":"closed","ping_status":"closed","sticky":false,"template":"","format":"standard","meta":{"footnotes":""},"categories":[253,436,440,439],"tags":[],"class_list":["post-128279","post","type-post","status-publish","format-standard","has-post-thumbnail","hentry","category-cidade","category-destaque-da-semana","category-destaques-do-dia","category-ultima-hora"],"_links":{"self":[{"href":"https:\/\/diarioregionaldigital.com.br\/index.php?rest_route=\/wp\/v2\/posts\/128279","targetHints":{"allow":["GET"]}}],"collection":[{"href":"https:\/\/diarioregionaldigital.com.br\/index.php?rest_route=\/wp\/v2\/posts"}],"about":[{"href":"https:\/\/diarioregionaldigital.com.br\/index.php?rest_route=\/wp\/v2\/types\/post"}],"author":[{"embeddable":true,"href":"https:\/\/diarioregionaldigital.com.br\/index.php?rest_route=\/wp\/v2\/users\/96"}],"replies":[{"embeddable":true,"href":"https:\/\/diarioregionaldigital.com.br\/index.php?rest_route=%2Fwp%2Fv2%2Fcomments&post=128279"}],"version-history":[{"count":0,"href":"https:\/\/diarioregionaldigital.com.br\/index.php?rest_route=\/wp\/v2\/posts\/128279\/revisions"}],"wp:featuredmedia":[{"embeddable":true,"href":"https:\/\/diarioregionaldigital.com.br\/index.php?rest_route=\/wp\/v2\/media\/112697"}],"wp:attachment":[{"href":"https:\/\/diarioregionaldigital.com.br\/index.php?rest_route=%2Fwp%2Fv2%2Fmedia&parent=128279"}],"wp:term":[{"taxonomy":"category","embeddable":true,"href":"https:\/\/diarioregionaldigital.com.br\/index.php?rest_route=%2Fwp%2Fv2%2Fcategories&post=128279"},{"taxonomy":"post_tag","embeddable":true,"href":"https:\/\/diarioregionaldigital.com.br\/index.php?rest_route=%2Fwp%2Fv2%2Ftags&post=128279"}],"curies":[{"name":"wp","href":"https:\/\/api.w.org\/{rel}","templated":true}]}}