{"id":128252,"date":"2018-12-14T08:59:46","date_gmt":"2018-12-14T10:59:46","guid":{"rendered":"https:\/\/diarioregionaldigital.com.br\/?p=128252"},"modified":"2018-12-14T08:59:39","modified_gmt":"2018-12-14T10:59:39","slug":"policiais-do-rio-de-janeiro-cumprem-mandados-do-caso-marielle-franco-em-juiz-de-fora","status":"publish","type":"post","link":"https:\/\/diarioregionaldigital.com.br\/?p=128252","title":{"rendered":"Policiais do Rio de Janeiro cumprem mandados do caso Marielle Franco em Juiz de Fora"},"content":{"rendered":"<p>Nesta quinta-feira, 13, Policiais Civis membros da Delegacia de Homic\u00eddios do Rio de Janeiro cumpriram 15 mandados de busca e apreens\u00e3o e de pris\u00e3o relativos \u00e0 investiga\u00e7\u00e3o do assassinato da vereadora Marielle Franco (PSOL) e do motorista Anderson Gomes, assassinados em mar\u00e7o deste ano na capital fluminense.\u00a0As informa\u00e7\u00f5es sobre a a\u00e7\u00e3o realizada pelos policiais foram inicialmente divulgadas na imprensa carioca.<\/p>\n<p>Juiz de Fora \u00e9 uma das cidades presentes na rota dos policiais que movimentaram o munic\u00edpio na data de hoje. De acordo com a nota enviada pela Assessoria da Pol\u00edcia Civil do Rio de Janeiro, a Delegacia de Homic\u00eddios da Capital vem realizando v\u00e1rias opera\u00e7\u00f5es policiais, desde o in\u00edcio da investiga\u00e7\u00e3o do caso da morte da vereadora e seu motorista, para possibilitar a checagem e a qualifica\u00e7\u00e3o de in\u00fameras informa\u00e7\u00f5es de intelig\u00eancia que s\u00e3o coletadas ou transmitidas anonimamente para a unidade. Ainda conforme a assessoria, \u201ca Delegacia de Homic\u00eddios da Capital renova a imprescindibilidade da manuten\u00e7\u00e3o do absoluto sigilo das apura\u00e7\u00f5es realizadas, sendo esta a maior garantia para chegar aos autores e mandantes dos crimes investigados\u201d.<\/p>\n<p>Al\u00e9m de Juiz de Fora, os agentes tamb\u00e9m est\u00e3o na Zona Oeste do Rio de Janeiro, em Nova Igua\u00e7u, na Baixada Fluminense, em Angra dos Reis, na Costa Verde, em Petr\u00f3polis, na Regi\u00e3o Serrana do Rio.<\/p>\n<p>&nbsp;<\/p>\n","protected":false},"excerpt":{"rendered":"<p>Nesta quinta-feira, 13, Policiais Civis membros da Delegacia de Homic\u00eddios do Rio de Janeiro cumpriram 15 mandados de busca e apreens\u00e3o e de pris\u00e3o relativos \u00e0 investiga\u00e7\u00e3o do assassinato da vereadora Marielle Franco (PSOL) e do motorista Anderson Gomes, assassinados em mar\u00e7o deste ano na capital fluminense.\u00a0As informa\u00e7\u00f5es sobre a a\u00e7\u00e3o realizada pelos policiais foram [&hellip;]<\/p>\n","protected":false},"author":96,"featured_media":128253,"comment_status":"closed","ping_status":"closed","sticky":false,"template":"","format":"standard","meta":{"footnotes":""},"categories":[253,436,440,439],"tags":[],"class_list":["post-128252","post","type-post","status-publish","format-standard","has-post-thumbnail","hentry","category-cidade","category-destaque-da-semana","category-destaques-do-dia","category-ultima-hora"],"_links":{"self":[{"href":"https:\/\/diarioregionaldigital.com.br\/index.php?rest_route=\/wp\/v2\/posts\/128252","targetHints":{"allow":["GET"]}}],"collection":[{"href":"https:\/\/diarioregionaldigital.com.br\/index.php?rest_route=\/wp\/v2\/posts"}],"about":[{"href":"https:\/\/diarioregionaldigital.com.br\/index.php?rest_route=\/wp\/v2\/types\/post"}],"author":[{"embeddable":true,"href":"https:\/\/diarioregionaldigital.com.br\/index.php?rest_route=\/wp\/v2\/users\/96"}],"replies":[{"embeddable":true,"href":"https:\/\/diarioregionaldigital.com.br\/index.php?rest_route=%2Fwp%2Fv2%2Fcomments&post=128252"}],"version-history":[{"count":0,"href":"https:\/\/diarioregionaldigital.com.br\/index.php?rest_route=\/wp\/v2\/posts\/128252\/revisions"}],"wp:featuredmedia":[{"embeddable":true,"href":"https:\/\/diarioregionaldigital.com.br\/index.php?rest_route=\/wp\/v2\/media\/128253"}],"wp:attachment":[{"href":"https:\/\/diarioregionaldigital.com.br\/index.php?rest_route=%2Fwp%2Fv2%2Fmedia&parent=128252"}],"wp:term":[{"taxonomy":"category","embeddable":true,"href":"https:\/\/diarioregionaldigital.com.br\/index.php?rest_route=%2Fwp%2Fv2%2Fcategories&post=128252"},{"taxonomy":"post_tag","embeddable":true,"href":"https:\/\/diarioregionaldigital.com.br\/index.php?rest_route=%2Fwp%2Fv2%2Ftags&post=128252"}],"curies":[{"name":"wp","href":"https:\/\/api.w.org\/{rel}","templated":true}]}}