{"id":128243,"date":"2018-12-16T06:00:31","date_gmt":"2018-12-16T08:00:31","guid":{"rendered":"https:\/\/diarioregionaldigital.com.br\/?p=128243"},"modified":"2018-12-13T13:54:16","modified_gmt":"2018-12-13T15:54:16","slug":"o-ser-humano-nao-e-animal-3","status":"publish","type":"post","link":"https:\/\/diarioregionaldigital.com.br\/?p=128243","title":{"rendered":"O SER HUMANO N\u00c3O \u00c9 ANIMAL"},"content":{"rendered":"<p>Como acontece todos os domingos, estamos divulgando mais mensagens que foram compiladas do livro \u201c<strong><em>Ensinamento da Verdade para Jovens Vol. 2<\/em><\/strong>\u201d, do grande mestre Masaharu Taniguchi. O leitor deve ler com aten\u00e7\u00e3o e tirar suas pr\u00f3prias conclus\u00f5es.<\/p>\n<p><strong>\u00a0<\/strong><\/p>\n<p>O ser humano n\u00e3o \u00e9 como animais selvagens, n\u00e3o \u00e9 uma criatura que vive sem ideal nem objetivo e morre ap\u00f3s um determinado per\u00edodo de perman\u00eancia na Terra. Os animais vivem \u00e0 merc\u00ea do instinto, ca\u00e7ando quando t\u00eam\u00a0 que comer, acasalando-se na \u00e9poca do cio, e basta-lhes ter sa\u00fade para n\u00e3o sentir tristeza nem sofrimento. Mas o ser humano \u00e9 diferente deles. Ele possui uma miss\u00e3o a cumprir na Terra e, enquanto n\u00e3o cumprir essa miss\u00e3o, ser\u00e1 acometido por uma sensa\u00e7\u00e3o de vazio. Por que sente isso? Porque ele intui que n\u00e3o est\u00e1 manifestando a sua verdadeira natureza. Manifestar a sua natureza verdadeira \u2013 esta \u00e9 a miss\u00e3o do homem.<\/p>\n<p>&nbsp;<\/p>\n<p><strong>Em que consiste a <\/strong><strong>miss\u00e3o do homem? <\/strong><\/p>\n<p>A miss\u00e3o, neste contexto, \u00e9 aquela atribuida por Deus a toda a humanidade. Difere da miss\u00e3o que cabe a certas pessoas, a de manifestar seus dons em respectivas \u00e1reas (art\u00edstica, religiosa etc.), pois se trata da miss\u00e3o inerente a todo ser humano: viver dignamente, ouvindo a voz da cousci\u00eancia.<\/p>\n<p>Ap\u00f3s a Segunda Guerra Mundial, passamos a ouvir frequentemente a respeito de &#8220;direitos humanos fundamentais&#8221;. Penso que os direitos do homem n\u00e3o se devem restringir apenas ao acesso a bens materiais; devem abranger tamb\u00e9m o direito e o dever de cumprir a miss\u00e3o essencial do ser humano. N\u00e3o basta questionar &#8220;como o homem pode desfrutar conforto material&#8221;; \u00e9 preciso saber em que consiste viver dignamente, no tocante \u00e0 atitude mental e \u00e0 conduta.<\/p>\n<p>&nbsp;<\/p>\n<p><strong>As normas de conduta e de postura mental do ser humano <\/strong><\/p>\n<p>Pensar e agir de acordo com a dignidade humana nisto consiste a miss\u00e3o b\u00e1sica do homem e o meio de provar que \u00e9 diferente dos animais.<\/p>\n<p>Como um ser biol\u00f3gico, o homem possui instintos naturais como o apetite e o desejo sexual. Mas possui atributos peculiares, que s\u00e3o o racioc\u00ednio e a consci\u00eancia, que controlam seus atos. Essa \u00e9 uma faculdade concedida apenas ao ser humano.<\/p>\n<p>Cada ser humano deve viver sua miss\u00e3o, em conformidade com o lugar, a \u00e9poca e a sua posi\u00e7\u00e3o; isto \u00e9, cada qual deve viver no cumprimento de suas obriga\u00e7\u00f5es come integrante de uma na\u00e7\u00e3o e de uma sociedade, como marido ou como mulher, como pai ou corno m\u00e3e, como filho, como mestre, como aluno, enfim, viver conscientemente o seu papel na sociedade, de acordo com a \u00e9poca e o local.<\/p>\n<p>Como um ser social. Na vida pr\u00e1tica, n\u00e3o adianta ficar simplesmente teorizando de modo abstrato quest\u00f5es como igualdade humana.<\/p>\n<p><strong>\u00a0<\/strong><\/p>\n<p><strong>A rela\u00e7\u00e3o entre o modo de viver e a vis\u00e3o do mundo <\/strong><\/p>\n<p>O modo de viver depende da vis\u00e3o que a pessoa tem do mundo; em outras palavras, os pensamentos e as a\u00e7\u00f5es de uma pessoa s\u00e3o determinados pela sua vis\u00e3o do mundo.<\/p>\n<p>A vis\u00e3o de que este mundo \u00e9 feito de mat\u00e9ria e funciona mecanicamente \u00e9 denominada materialismo. A mat\u00e9ria n\u00e3o tem vontade pr\u00f3pria, funciona mecanicamente e evolui atrav\u00e9s de rea\u00e7\u00f5es qu\u00edmico-fisicas. Portanto, a ideia de que este mundo \u00e9 feito de mat\u00e9ria induz \u00e0 conclus\u00e3o de que o destino do homem tamb\u00e9m \u00e9 regido pela lei mec\u00e2nica da mat\u00e9ria, e, portanto, o ser humano n\u00e3o \u00e9 livre.<\/p>\n<p>&nbsp;<\/p>\n<p><strong>No mundo regido pelo materialismo n\u00e3o existe ideal nem moral <\/strong><\/p>\n<p>A mat\u00e9ria por si s\u00f3 n\u00e3o obedece a doutrinas morais de conduta nem possui ideais. Por conseguinte, no mundo onde prevalece o materialismo n\u00e3o h\u00e1 ideal nem moral. N\u00e3o podemos afirmar, por exemplo, que a \u00e1gua, formada por duas mol\u00e9culas de hidrog\u00eanio e uma de oxig\u00eanio (H<sub>2<\/sub>O), seja mais pura e fiel, nem que a \u00e1gua oxigenada (H<sub>2<\/sub>O<sub>2<\/sub>) seja impura e infiel. Como se v\u00ea, no mundo estritamente materialista n\u00e3o pode existir algo como moral ou ideal.<\/p>\n<p>&nbsp;<\/p>\n<p><strong>Pra que a mat\u00e9ria\u00a0<\/strong><strong style=\"line-height: 1.5;\">encerra em si a\u00a0<\/strong><strong>contradi\u00e7\u00e3o dial\u00e9tica? <\/strong><\/p>\n<p>A mat\u00e9ria n\u00e3o possui liberdade de escolha. Se juntarmos duas mol\u00e9culas de hidrog\u00eanio com uma de oxig\u00eanio, fatalmente resultar\u00e1 em \u00e1gua (H<sub>2<\/sub>O). Onde n\u00e3o h\u00e1 liberdade, n\u00e3o pode haver ideal nem moral. Mesmo que o hidrog\u00eanio e o oxig\u00eanio tivessem o ideal de se transformar em ouro ou prata (o que \u00e9 imposs\u00edvel), jamais conseguiriam. Portanto, o rnaterialismo acaba caindo no determinismo.<\/p>\n<p>Dizem que o materialismo, dial\u00e9tico n\u00e3o seria simples mecanicismo, uma vez que afirma que a mat\u00e9ria evolui dialeticarnente (por oposi\u00e7\u00f5es, pela uni\u00e3o racional dos contr\u00e1rios). Por\u00e9m notamos uma incoer\u00eancia nessa afirma\u00e7\u00e3o, pois a mat\u00e9ria evolui desse modo justamente porque por tr\u00e1s dela, ou melhor, em seu \u00e2mago, em seu interior, est\u00e1 latente o ideal da perfei\u00e7\u00e3o, a natureza perfeita, superior ao est\u00e1gio presente..<\/p>\n<p>&nbsp;<\/p>\n","protected":false},"excerpt":{"rendered":"<p>Como acontece todos os domingos, estamos divulgando mais mensagens que foram compiladas do livro \u201cEnsinamento da Verdade para Jovens Vol. 2\u201d, do grande mestre Masaharu Taniguchi. O leitor deve ler com aten\u00e7\u00e3o e tirar suas pr\u00f3prias conclus\u00f5es. \u00a0 O ser humano n\u00e3o \u00e9 como animais selvagens, n\u00e3o \u00e9 uma criatura que vive sem ideal nem [&hellip;]<\/p>\n","protected":false},"author":96,"featured_media":96752,"comment_status":"closed","ping_status":"closed","sticky":false,"template":"","format":"standard","meta":{"footnotes":""},"categories":[435,263],"tags":[],"class_list":["post-128243","post","type-post","status-publish","format-standard","has-post-thumbnail","hentry","category-colunas","category-jane-aragao"],"_links":{"self":[{"href":"https:\/\/diarioregionaldigital.com.br\/index.php?rest_route=\/wp\/v2\/posts\/128243","targetHints":{"allow":["GET"]}}],"collection":[{"href":"https:\/\/diarioregionaldigital.com.br\/index.php?rest_route=\/wp\/v2\/posts"}],"about":[{"href":"https:\/\/diarioregionaldigital.com.br\/index.php?rest_route=\/wp\/v2\/types\/post"}],"author":[{"embeddable":true,"href":"https:\/\/diarioregionaldigital.com.br\/index.php?rest_route=\/wp\/v2\/users\/96"}],"replies":[{"embeddable":true,"href":"https:\/\/diarioregionaldigital.com.br\/index.php?rest_route=%2Fwp%2Fv2%2Fcomments&post=128243"}],"version-history":[{"count":0,"href":"https:\/\/diarioregionaldigital.com.br\/index.php?rest_route=\/wp\/v2\/posts\/128243\/revisions"}],"wp:featuredmedia":[{"embeddable":true,"href":"https:\/\/diarioregionaldigital.com.br\/index.php?rest_route=\/wp\/v2\/media\/96752"}],"wp:attachment":[{"href":"https:\/\/diarioregionaldigital.com.br\/index.php?rest_route=%2Fwp%2Fv2%2Fmedia&parent=128243"}],"wp:term":[{"taxonomy":"category","embeddable":true,"href":"https:\/\/diarioregionaldigital.com.br\/index.php?rest_route=%2Fwp%2Fv2%2Fcategories&post=128243"},{"taxonomy":"post_tag","embeddable":true,"href":"https:\/\/diarioregionaldigital.com.br\/index.php?rest_route=%2Fwp%2Fv2%2Ftags&post=128243"}],"curies":[{"name":"wp","href":"https:\/\/api.w.org\/{rel}","templated":true}]}}