{"id":128240,"date":"2018-12-13T13:09:57","date_gmt":"2018-12-13T15:09:57","guid":{"rendered":"https:\/\/diarioregionaldigital.com.br\/?p=128240"},"modified":"2018-12-13T13:09:57","modified_gmt":"2018-12-13T15:09:57","slug":"cni-ibope-74-avaliam-governo-temer-como-ruim-ou-pessimo","status":"publish","type":"post","link":"https:\/\/diarioregionaldigital.com.br\/?p=128240","title":{"rendered":"CNI\/Ibope: 74% avaliam governo Temer como ruim ou p\u00e9ssimo"},"content":{"rendered":"<p>Pesquisa de opini\u00e3o CNI\/Ibope divulgada nesta quinta-feira, 13, mostra que 74% dos brasileiros avaliam o governo de Michel Temer como ruim ou p\u00e9ssimo; 18%, como regular; e 5%, como \u00f3timo ou bom, enquanto 3% n\u00e3o sabem ou n\u00e3o responderam \u00e0 pergunta.<\/p>\n<p>De acordo com o estudo, o percentual dos que avaliam o atual governo como \u00f3timo ou bom est\u00e1 praticamente inalterado desde julho de 2017. Entre setembro e dezembro deste ano, o \u00edndice oscilou de 4% para 5%, dentro da margem de erro da pesquisa, que \u00e9 de dois pontos percentuais para cima ou para baixo.<\/p>\n<p>J\u00e1 o percentual dos que avaliam o governo Temer como ruim ou p\u00e9ssimo caiu de 82% em setembro para 74% em dezembro.<\/p>\n<p>Neste m\u00eas, 18% dos entrevistados\u00a0avaliaram o governo como regular &#8211; um aumento de seis\u00a0pontos percentuais em rela\u00e7\u00e3o ao registrado em\u00a0setembro.<\/p>\n<p><strong>Aprova\u00e7\u00e3o<\/strong><\/p>\n<p>Conforme a pesquisa, Temer encerra o\u00a0mandato com menor\u00a0n\u00edvel de aprova\u00e7\u00e3o &#8211; 85% dos entrevistados desaprovam o atual governo, 9% aprovam e 5% n\u00e3o sabem ou n\u00e3o responderam.<\/p>\n<p>Apesar de elevado, o percentual de desaprova\u00e7\u00e3o caiu 7 pontos, em rela\u00e7\u00e3o ao de setembro, quando chegava a 92%. J\u00e1 o percentual de aprova\u00e7\u00e3o subiu dentro da margem de erro da pesquisa, passando de 6% em setembro para 9% em dezembro.<\/p>\n<p><strong>Confian\u00e7a\u00a0<\/strong><\/p>\n<p>A pesquisa mostra ainda que 90% dos brasileiros n\u00e3o confiam no governo Temer, patamar registrado desde setembro de 2017. Conforme a pesquisa, os que demonstram confian\u00e7a passaram de 5% para 7%\u00a0. E\u00a03% dos entrevistados n\u00e3o sabem ou n\u00e3o responderam.<\/p>\n<p>A pesquisa foi realizada entre\u00a029 de novembro\u00a0e\u00a02 de dezembro\u00a0e ouviu 2 mil eleitores de 127 munic\u00edpios. A margem de erro estimada \u00e9 de 2 pontos percentuais para mais ou para menos e o n\u00edvel de confian\u00e7a \u00e9 de 95%.<\/p>\n<p><em>Fonte: Ag\u00eancia Brasil<\/em><\/p>\n","protected":false},"excerpt":{"rendered":"<p>Pesquisa de opini\u00e3o CNI\/Ibope divulgada nesta quinta-feira, 13, mostra que 74% dos brasileiros avaliam o governo de Michel Temer como ruim ou p\u00e9ssimo; 18%, como regular; e 5%, como \u00f3timo ou bom, enquanto 3% n\u00e3o sabem ou n\u00e3o responderam \u00e0 pergunta. De acordo com o estudo, o percentual dos que avaliam o atual governo como [&hellip;]<\/p>\n","protected":false},"author":96,"featured_media":0,"comment_status":"closed","ping_status":"closed","sticky":false,"template":"","format":"standard","meta":{"footnotes":""},"categories":[254,439],"tags":[],"class_list":["post-128240","post","type-post","status-publish","format-standard","hentry","category-politica","category-ultima-hora"],"_links":{"self":[{"href":"https:\/\/diarioregionaldigital.com.br\/index.php?rest_route=\/wp\/v2\/posts\/128240","targetHints":{"allow":["GET"]}}],"collection":[{"href":"https:\/\/diarioregionaldigital.com.br\/index.php?rest_route=\/wp\/v2\/posts"}],"about":[{"href":"https:\/\/diarioregionaldigital.com.br\/index.php?rest_route=\/wp\/v2\/types\/post"}],"author":[{"embeddable":true,"href":"https:\/\/diarioregionaldigital.com.br\/index.php?rest_route=\/wp\/v2\/users\/96"}],"replies":[{"embeddable":true,"href":"https:\/\/diarioregionaldigital.com.br\/index.php?rest_route=%2Fwp%2Fv2%2Fcomments&post=128240"}],"version-history":[{"count":0,"href":"https:\/\/diarioregionaldigital.com.br\/index.php?rest_route=\/wp\/v2\/posts\/128240\/revisions"}],"wp:attachment":[{"href":"https:\/\/diarioregionaldigital.com.br\/index.php?rest_route=%2Fwp%2Fv2%2Fmedia&parent=128240"}],"wp:term":[{"taxonomy":"category","embeddable":true,"href":"https:\/\/diarioregionaldigital.com.br\/index.php?rest_route=%2Fwp%2Fv2%2Fcategories&post=128240"},{"taxonomy":"post_tag","embeddable":true,"href":"https:\/\/diarioregionaldigital.com.br\/index.php?rest_route=%2Fwp%2Fv2%2Ftags&post=128240"}],"curies":[{"name":"wp","href":"https:\/\/api.w.org\/{rel}","templated":true}]}}