{"id":128237,"date":"2018-12-13T12:20:13","date_gmt":"2018-12-13T14:20:13","guid":{"rendered":"https:\/\/diarioregionaldigital.com.br\/?p=128237"},"modified":"2018-12-13T12:20:13","modified_gmt":"2018-12-13T14:20:13","slug":"varejo-tem-queda-de-04-de-setembro-para-outubro-diz-ibge","status":"publish","type":"post","link":"https:\/\/diarioregionaldigital.com.br\/?p=128237","title":{"rendered":"Varejo tem queda de 0,4% de setembro para outubro, diz IBGE"},"content":{"rendered":"<p>O volume de vendas com\u00e9rcio varejista brasileiro caiu 0,4% na passagem de setembro para outubro. A m\u00e9dia m\u00f3vel trimestral ficou est\u00e1vel em 0,1%.<\/p>\n<p>Segundo a Pesquisa Mensal de Com\u00e9rcio (PMC), divulgada nesta quinta-feira, 13,\u00a0 no Rio de\u00a0 Janeiro, pelo Instituto Brasileiro de Geografia e Estat\u00edstica (IBGE), essa \u00e9 a segunda queda consecutiva do indicador, que j\u00e1 tinha recuado 1,3% de agosto para setembro.<\/p>\n<p>Nos outros tipos de compara\u00e7\u00e3o, no entanto, o com\u00e9rcio varejista teve altas de 0,1% na m\u00e9dia m\u00f3vel trimestral, de 1,9% na compara\u00e7\u00e3o com outubro do ano passado, de 2,2% no acumulado do ano e de 2,7% no acumulado de 12 meses.<\/p>\n<p>Cinco das oito atividades varejistas pesquisadas registraram queda no volume de vendas de setembro para outubro. Os setores com maiores quedas est\u00e3o o de livros, jornais, revistas e papelaria (-7,4%), m\u00f3veis e eletrodom\u00e9sticos (-2,5%) e tecidos, vestu\u00e1rio e cal\u00e7ados (-2%).<\/p>\n<p>Outros setores com queda no volume de vendas foram combust\u00edveis e lubrificantes (-1,2%) e materiais para escrit\u00f3rio, inform\u00e1tica e comunica\u00e7\u00e3o (-0,8%).<\/p>\n<h2>Crescimento \u00e9 apontado por pesquisa<\/h2>\n<p>Por outro lado, anotaram crescimento as atividades de supermercados, produtos aliment\u00edcios, bebidas e fumo (0,3%), artigos farmac\u00eauticos, m\u00e9dicos, ortop\u00e9dicos e de perfumaria (0,9%) e outros artigos de uso pessoal e dom\u00e9stico (0,7%).<\/p>\n<p>O varejo ampliado, que tamb\u00e9m analisa a venda de ve\u00edculos e pe\u00e7as e de materiais de constru\u00e7\u00e3o, teve queda de 0,2%. Os ve\u00edculos anotaram alta de 0,1% e os materiais de constru\u00e7\u00e3o, de 1,3%.<\/p>\n<p>Nos demais tipos de compara\u00e7\u00e3o, o varejo ampliado cresceu: m\u00e9dia m\u00f3vel trimestral (0,8%), compara\u00e7\u00e3o com outubro do ano passado (6,2%), acumulado do ano (5,3%) e acumulado de 12 meses (5,7%).<\/p>\n<p>A receita nominal do com\u00e9rcio varejista teve crescimento de 0,3% em rela\u00e7\u00e3o a setembro, 6,8% na compara\u00e7\u00e3o com outubro de 2017, 0,5% na m\u00e9dia m\u00f3vel trimestral, 4,6% no acumulado do ano e 4,5% no acumulado de 12 meses.<\/p>\n<p>A receita nominal do varejo ampliado anotou queda de 0,5% na compara\u00e7\u00e3o com setembro e altas de 1,1% na m\u00e9dia m\u00f3vel trimestral, de 9,9% na compara\u00e7\u00e3o com outubro de 2017, de 7,1% no acumulado do ano e de 6,9% no acumulado de 12 meses.<\/p>\n","protected":false},"excerpt":{"rendered":"<p>O volume de vendas com\u00e9rcio varejista brasileiro caiu 0,4% na passagem de setembro para outubro. A m\u00e9dia m\u00f3vel trimestral ficou est\u00e1vel em 0,1%. Segundo a Pesquisa Mensal de Com\u00e9rcio (PMC), divulgada nesta quinta-feira, 13,\u00a0 no Rio de\u00a0 Janeiro, pelo Instituto Brasileiro de Geografia e Estat\u00edstica (IBGE), essa \u00e9 a segunda queda consecutiva do indicador, que [&hellip;]<\/p>\n","protected":false},"author":96,"featured_media":0,"comment_status":"closed","ping_status":"closed","sticky":false,"template":"","format":"standard","meta":{"footnotes":""},"categories":[261,439],"tags":[],"class_list":["post-128237","post","type-post","status-publish","format-standard","hentry","category-economia","category-ultima-hora"],"_links":{"self":[{"href":"https:\/\/diarioregionaldigital.com.br\/index.php?rest_route=\/wp\/v2\/posts\/128237","targetHints":{"allow":["GET"]}}],"collection":[{"href":"https:\/\/diarioregionaldigital.com.br\/index.php?rest_route=\/wp\/v2\/posts"}],"about":[{"href":"https:\/\/diarioregionaldigital.com.br\/index.php?rest_route=\/wp\/v2\/types\/post"}],"author":[{"embeddable":true,"href":"https:\/\/diarioregionaldigital.com.br\/index.php?rest_route=\/wp\/v2\/users\/96"}],"replies":[{"embeddable":true,"href":"https:\/\/diarioregionaldigital.com.br\/index.php?rest_route=%2Fwp%2Fv2%2Fcomments&post=128237"}],"version-history":[{"count":0,"href":"https:\/\/diarioregionaldigital.com.br\/index.php?rest_route=\/wp\/v2\/posts\/128237\/revisions"}],"wp:attachment":[{"href":"https:\/\/diarioregionaldigital.com.br\/index.php?rest_route=%2Fwp%2Fv2%2Fmedia&parent=128237"}],"wp:term":[{"taxonomy":"category","embeddable":true,"href":"https:\/\/diarioregionaldigital.com.br\/index.php?rest_route=%2Fwp%2Fv2%2Fcategories&post=128237"},{"taxonomy":"post_tag","embeddable":true,"href":"https:\/\/diarioregionaldigital.com.br\/index.php?rest_route=%2Fwp%2Fv2%2Ftags&post=128237"}],"curies":[{"name":"wp","href":"https:\/\/api.w.org\/{rel}","templated":true}]}}