{"id":128235,"date":"2018-12-13T12:17:33","date_gmt":"2018-12-13T14:17:33","guid":{"rendered":"https:\/\/diarioregionaldigital.com.br\/?p=128235"},"modified":"2018-12-13T12:17:33","modified_gmt":"2018-12-13T14:17:33","slug":"bolsonaro-passa-por-consulta-no-albert-einstein-em-sao-paulo","status":"publish","type":"post","link":"https:\/\/diarioregionaldigital.com.br\/?p=128235","title":{"rendered":"Bolsonaro passa por consulta no Albert Einstein em S\u00e3o Paulo"},"content":{"rendered":"<p>O presidente eleito, Jair Bolsonaro, passou nesta quinta-feira, 13 por consulta m\u00e9dica no Hospital Albert Einstein, na capital paulista. De acordo com a assessoria de imprensa do hospital, foi um atendimento de rotina, que durou cerca de uma hora.<\/p>\n<p>Bolsonaro saiu de Bras\u00edlia em um avi\u00e3o da For\u00e7a A\u00e9rea Brasileira (FAB) e desembarcou em Congonhas \u00e0s 8h40. O futuro presidente seguiu de carro, acompanhado por batedores da Pol\u00edcia Militar e de um ve\u00edculo da Pol\u00edcia Federal, at\u00e9 o hospital, na zona sul. Ele evitou a imprensa que o aguardava do lado de fora do hospital.<\/p>\n<p>Bolsonaro precisa fazer uma cirurgia para a retirada da bolsa de colostomia. Inicialmente marcada para essa ter\u00e7a-feira, 12, foi adiada em novembro ap\u00f3s uma s\u00e9rie de exames que apontaram uma inflama\u00e7\u00e3o do perit\u00f4nio e processo de ader\u00eancia entre as al\u00e7as intestinais.<\/p>\n<p>A cirurgia remarcada para 20 de janeiro, deve ser novamente adiada porque Bolsonaro quer participar do F\u00f3rum Econ\u00f4mico Mundial, em Davos, na Su\u00ed\u00e7a, em 22 de janeiro de 2019. A cirurgia requer um per\u00edodo de recupera\u00e7\u00e3o m\u00ednimo de 15 dias.<\/p>\n<p><em>Fonte: Ag\u00eancia Brasil<\/em><\/p>\n","protected":false},"excerpt":{"rendered":"<p>O presidente eleito, Jair Bolsonaro, passou nesta quinta-feira, 13 por consulta m\u00e9dica no Hospital Albert Einstein, na capital paulista. De acordo com a assessoria de imprensa do hospital, foi um atendimento de rotina, que durou cerca de uma hora. Bolsonaro saiu de Bras\u00edlia em um avi\u00e3o da For\u00e7a A\u00e9rea Brasileira (FAB) e desembarcou em Congonhas [&hellip;]<\/p>\n","protected":false},"author":96,"featured_media":0,"comment_status":"closed","ping_status":"closed","sticky":false,"template":"","format":"standard","meta":{"footnotes":""},"categories":[254,439],"tags":[],"class_list":["post-128235","post","type-post","status-publish","format-standard","hentry","category-politica","category-ultima-hora"],"_links":{"self":[{"href":"https:\/\/diarioregionaldigital.com.br\/index.php?rest_route=\/wp\/v2\/posts\/128235","targetHints":{"allow":["GET"]}}],"collection":[{"href":"https:\/\/diarioregionaldigital.com.br\/index.php?rest_route=\/wp\/v2\/posts"}],"about":[{"href":"https:\/\/diarioregionaldigital.com.br\/index.php?rest_route=\/wp\/v2\/types\/post"}],"author":[{"embeddable":true,"href":"https:\/\/diarioregionaldigital.com.br\/index.php?rest_route=\/wp\/v2\/users\/96"}],"replies":[{"embeddable":true,"href":"https:\/\/diarioregionaldigital.com.br\/index.php?rest_route=%2Fwp%2Fv2%2Fcomments&post=128235"}],"version-history":[{"count":0,"href":"https:\/\/diarioregionaldigital.com.br\/index.php?rest_route=\/wp\/v2\/posts\/128235\/revisions"}],"wp:attachment":[{"href":"https:\/\/diarioregionaldigital.com.br\/index.php?rest_route=%2Fwp%2Fv2%2Fmedia&parent=128235"}],"wp:term":[{"taxonomy":"category","embeddable":true,"href":"https:\/\/diarioregionaldigital.com.br\/index.php?rest_route=%2Fwp%2Fv2%2Fcategories&post=128235"},{"taxonomy":"post_tag","embeddable":true,"href":"https:\/\/diarioregionaldigital.com.br\/index.php?rest_route=%2Fwp%2Fv2%2Ftags&post=128235"}],"curies":[{"name":"wp","href":"https:\/\/api.w.org\/{rel}","templated":true}]}}